{"id":9173,"date":"2025-05-05T14:33:04","date_gmt":"2025-05-05T13:33:04","guid":{"rendered":"https:\/\/shenjester.net\/?p=9173"},"modified":"2025-05-05T14:33:04","modified_gmt":"2025-05-05T13:33:04","slug":"brunei-heq-regjimin-e-vizave-per-qytetaret-e-kosoves","status":"publish","type":"post","link":"https:\/\/shenjester.net\/index.php\/2025\/05\/05\/brunei-heq-regjimin-e-vizave-per-qytetaret-e-kosoves\/","title":{"rendered":"Brunei heq regjimin e vizave p\u00ebr qytetar\u00ebt e Kosov\u00ebs"},"content":{"rendered":"<p>Brunei i ka hequr vizat p\u00ebr kosovar\u00ebt.<\/p>\n<p>Presidentja e Kosov\u00ebs, Vjosa Osmani ka njoftuar se Brunei ka hequr vizat p\u00ebr qytetar\u00ebt e Kosov\u00ebs. <\/p>\n<p>\u201cSot, s\u00eb bashku me Sulltanin e Bruneit, Haji Hassanal Bolkiah n\u00ebnshkruam marr\u00ebveshjen p\u00ebr heqjen vizave nd\u00ebrmjet Kosov\u00ebs dhe Bruneit, nj\u00eb hap dometh\u00ebn\u00ebs drejt afrimit dhe bashk\u00ebpunimit m\u00eb t\u00eb ngusht\u00eb nd\u00ebrmjet dy shteteve tona\u201d, ka shkruar Osmani n\u00eb Facebook. <\/p>\n<p>Ajo ka th\u00ebn\u00eb se kjo marr\u00ebveshje nuk \u00ebsht\u00eb vet\u00ebm leht\u00ebsim teknik, por nj\u00eb ur\u00eb miq\u00ebsie e nd\u00ebrtuar mbi respektin dhe mir\u00ebbesimin e nd\u00ebrsjell\u00eb.<\/p>\n<p>Osmani po q\u00ebndron n\u00eb vizit\u00eb zyrtare n\u00eb Brunei.<\/p>\n<p>Brunei \u00ebsht\u00eb nj\u00eb shtet me rreth 450 mij\u00eb banor\u00eb, i cili ndodhet n\u00eb Azin\u00eb Juglindore, n\u00eb ishullin Borneo.<\/p>\n","protected":false},"excerpt":{"rendered":"<p>Brunei i ka hequr vizat p\u00ebr kosovar\u00ebt. Presidentja e Kosov\u00ebs, Vjosa Osmani ka njoftuar se Brunei ka hequr vizat p\u00ebr qytetar\u00ebt e Kosov\u00ebs. \u201cSot, s\u00eb bashku me Sulltanin e Bruneit, Haji Hassanal Bolkiah n\u00ebnshkruam marr\u00ebveshjen p\u00ebr heqjen vizave nd\u00ebrmjet Kosov\u00ebs dhe Bruneit, nj\u00eb hap dometh\u00ebn\u00ebs drejt afrimit dhe bashk\u00ebpunimit m\u00eb t\u00eb ngusht\u00eb nd\u00ebrmjet dy shteteve tona\u201d, ka shkruar Osmani n\u00eb Facebook. Ajo ka th\u00ebn\u00eb se kjo marr\u00ebveshje nuk \u00ebsht\u00eb vet\u00ebm leht\u00ebsim teknik, por nj\u00eb ur\u00eb miq\u00ebsie e nd\u00ebrtuar mbi respektin dhe mir\u00ebbesimin e nd\u00ebrsjell\u00eb. Osmani po q\u00ebndron n\u00eb vizit\u00eb zyrtare n\u00eb Brunei. Brunei \u00ebsht\u00eb nj\u00eb shtet me rreth 450 mij\u00eb<\/p>\n","protected":false},"author":5,"featured_media":9174,"comment_status":"open","ping_status":"open","sticky":false,"template":"","format":"standard","meta":{"rank_math_lock_modified_date":false,"slim_seo":[],"footnotes":""},"categories":[1],"tags":[63],"_links":{"self":[{"href":"https:\/\/shenjester.net\/index.php\/wp-json\/wp\/v2\/posts\/9173"}],"collection":[{"href":"https:\/\/shenjester.net\/index.php\/wp-json\/wp\/v2\/posts"}],"about":[{"href":"https:\/\/shenjester.net\/index.php\/wp-json\/wp\/v2\/types\/post"}],"author":[{"embeddable":true,"href":"https:\/\/shenjester.net\/index.php\/wp-json\/wp\/v2\/users\/5"}],"replies":[{"embeddable":true,"href":"https:\/\/shenjester.net\/index.php\/wp-json\/wp\/v2\/comments?post=9173"}],"version-history":[{"count":3,"href":"https:\/\/shenjester.net\/index.php\/wp-json\/wp\/v2\/posts\/9173\/revisions"}],"predecessor-version":[{"id":9177,"href":"https:\/\/shenjester.net\/index.php\/wp-json\/wp\/v2\/posts\/9173\/revisions\/9177"}],"wp:featuredmedia":[{"embeddable":true,"href":"https:\/\/shenjester.net\/index.php\/wp-json\/wp\/v2\/media\/9174"}],"wp:attachment":[{"href":"https:\/\/shenjester.net\/index.php\/wp-json\/wp\/v2\/media?parent=9173"}],"wp:term":[{"taxonomy":"category","embeddable":true,"href":"https:\/\/shenjester.net\/index.php\/wp-json\/wp\/v2\/categories?post=9173"},{"taxonomy":"post_tag","embeddable":true,"href":"https:\/\/shenjester.net\/index.php\/wp-json\/wp\/v2\/tags?post=9173"}],"curies":[{"name":"wp","href":"https:\/\/api.w.org\/{rel}","templated":true}]}}