{"id":17000,"date":"2026-04-24T18:50:46","date_gmt":"2026-04-24T17:50:46","guid":{"rendered":"https:\/\/shenjester.net\/?p=17000"},"modified":"2026-04-24T18:55:39","modified_gmt":"2026-04-24T17:55:39","slug":"17000","status":"publish","type":"post","link":"https:\/\/shenjester.net\/index.php\/2026\/04\/24\/17000\/","title":{"rendered":"Policia kap t\u00eb dyshuarin p\u00ebr dhunim n\u00eb Ferizaj"},"content":{"rendered":"<p>Nj\u00eb person i k\u00ebrkuar p\u00ebr vepr\u00ebn penale \u201cdhunim\u201d \u00ebsht\u00eb arrestuar n\u00eb Ferizaj nga Nj\u00ebsia e Reagimit t\u00eb Shpejt\u00eb.<\/p>\n<p>Sipas Policis\u00eb s\u00eb Ferizajt, arrestimi ka ndodhur k\u00ebt\u00eb t\u00eb premte, rreth or\u00ebs 15:00, n\u00eb rrug\u00ebn \u201cAstrit Bytyqi\u201d.<\/p>\n<p>I dyshuari, 24-vje\u00e7ar, ishte n\u00eb k\u00ebrkim me urdh\u00ebres\u00eb aktive t\u00eb l\u00ebshuar nga Gjykata Themelore n\u00eb Ferizaj, pik\u00ebrisht p\u00ebr vepr\u00ebn penale \u201cdhunim\u201d.<\/p>\n<p>Policia ka b\u00ebr\u00eb t\u00eb ditur se i nj\u00ebjti \u00ebsht\u00eb ndaluar dhe ndaj tij do t\u00eb vazhdojn\u00eb procedurat e m\u00ebtejme ligjore.<\/p>\n","protected":false},"excerpt":{"rendered":"<p>Nj\u00eb person i k\u00ebrkuar p\u00ebr vepr\u00ebn penale \u201cdhunim\u201d \u00ebsht\u00eb arrestuar n\u00eb Ferizaj nga Nj\u00ebsia e Reagimit t\u00eb Shpejt\u00eb. Sipas Policis\u00eb s\u00eb Ferizajt, arrestimi ka ndodhur k\u00ebt\u00eb t\u00eb premte, rreth or\u00ebs 15:00, n\u00eb rrug\u00ebn \u201cAstrit Bytyqi\u201d. I dyshuari, 24-vje\u00e7ar, ishte n\u00eb k\u00ebrkim me urdh\u00ebres\u00eb aktive t\u00eb l\u00ebshuar nga Gjykata Themelore n\u00eb Ferizaj, pik\u00ebrisht p\u00ebr vepr\u00ebn penale \u201cdhunim\u201d. Policia ka b\u00ebr\u00eb t\u00eb ditur se i nj\u00ebjti \u00ebsht\u00eb ndaluar dhe ndaj tij do t\u00eb vazhdojn\u00eb procedurat e m\u00ebtejme ligjore.<\/p>\n","protected":false},"author":7,"featured_media":16904,"comment_status":"open","ping_status":"open","sticky":false,"template":"","format":"standard","meta":{"rank_math_lock_modified_date":false,"slim_seo":[],"footnotes":""},"categories":[1],"tags":[],"_links":{"self":[{"href":"https:\/\/shenjester.net\/index.php\/wp-json\/wp\/v2\/posts\/17000"}],"collection":[{"href":"https:\/\/shenjester.net\/index.php\/wp-json\/wp\/v2\/posts"}],"about":[{"href":"https:\/\/shenjester.net\/index.php\/wp-json\/wp\/v2\/types\/post"}],"author":[{"embeddable":true,"href":"https:\/\/shenjester.net\/index.php\/wp-json\/wp\/v2\/users\/7"}],"replies":[{"embeddable":true,"href":"https:\/\/shenjester.net\/index.php\/wp-json\/wp\/v2\/comments?post=17000"}],"version-history":[{"count":2,"href":"https:\/\/shenjester.net\/index.php\/wp-json\/wp\/v2\/posts\/17000\/revisions"}],"predecessor-version":[{"id":17004,"href":"https:\/\/shenjester.net\/index.php\/wp-json\/wp\/v2\/posts\/17000\/revisions\/17004"}],"wp:featuredmedia":[{"embeddable":true,"href":"https:\/\/shenjester.net\/index.php\/wp-json\/wp\/v2\/media\/16904"}],"wp:attachment":[{"href":"https:\/\/shenjester.net\/index.php\/wp-json\/wp\/v2\/media?parent=17000"}],"wp:term":[{"taxonomy":"category","embeddable":true,"href":"https:\/\/shenjester.net\/index.php\/wp-json\/wp\/v2\/categories?post=17000"},{"taxonomy":"post_tag","embeddable":true,"href":"https:\/\/shenjester.net\/index.php\/wp-json\/wp\/v2\/tags?post=17000"}],"curies":[{"name":"wp","href":"https:\/\/api.w.org\/{rel}","templated":true}]}}