{"id":16997,"date":"2026-04-24T18:13:19","date_gmt":"2026-04-24T17:13:19","guid":{"rendered":"https:\/\/shenjester.net\/?p=16997"},"modified":"2026-04-24T18:13:19","modified_gmt":"2026-04-24T17:13:19","slug":"kercenoi-gazetarin-i-dyshuari-ndalohet-per-48-ore","status":"publish","type":"post","link":"https:\/\/shenjester.net\/index.php\/2026\/04\/24\/kercenoi-gazetarin-i-dyshuari-ndalohet-per-48-ore\/","title":{"rendered":"K\u00ebrc\u00ebnoi gazetarin, i dyshuari ndalohet p\u00ebr 48 or\u00eb"},"content":{"rendered":"<p>Prokuroria Themelore n\u00eb Prishtin\u00eb ka njoftuar se nj\u00eb person \u00ebsht\u00eb ndaluar p\u00ebr 48 or\u00eb, n\u00ebn dyshimin p\u00ebr kanosje ndaj nj\u00eb gazetari.<\/p>\n<p>Sipas njoftimit zyrtar, i dyshuari e ka kanosur gazetarin gjat\u00eb ushtrimit t\u00eb detyr\u00ebs s\u00eb tij profesionale.<\/p>\n<p>Tutje b\u00ebhet e ditur se ndaj t\u00eb dyshuarit \u00ebsht\u00eb ngritur aktakuz\u00eb, s\u00eb bashku me k\u00ebrkes\u00ebn p\u00ebr caktimin e mas\u00ebs s\u00eb paraburgimit.<\/p>\n<p><strong>\u201cSipas dyshimeve fillestare, i dyshuari ka kanosur gazetarin p\u00ebr shkak t\u00eb ushtrimit t\u00eb detyr\u00ebs dhe profesionit t\u00eb tij. Prokurori i shtetit, pran\u00eb gjykat\u00ebs kompetente, ka paraqitur aktakuz\u00eb, s\u00eb bashku me k\u00ebrkes\u00ebn p\u00ebr caktimin e mas\u00ebs s\u00eb paraburgimit ndaj t\u00eb dyshuarit. Prokuroria Themelore n\u00eb Prishtin\u00eb mbetet e p\u00ebrkushtuar n\u00eb mbrojtjen dhe garantimin e siguris\u00eb s\u00eb plot\u00eb p\u00ebr gazetar\u00ebt, n\u00eb respektim t\u00eb liris\u00eb s\u00eb shprehjes<\/strong><em>\u201d, thuhet n\u00eb njoftim.<\/p>\n","protected":false},"excerpt":{"rendered":"<p>Prokuroria Themelore n\u00eb Prishtin\u00eb ka njoftuar se nj\u00eb person \u00ebsht\u00eb ndaluar p\u00ebr 48 or\u00eb, n\u00ebn dyshimin p\u00ebr kanosje ndaj nj\u00eb gazetari. Sipas njoftimit zyrtar, i dyshuari e ka kanosur gazetarin gjat\u00eb ushtrimit t\u00eb detyr\u00ebs s\u00eb tij profesionale. Tutje b\u00ebhet e ditur se ndaj t\u00eb dyshuarit \u00ebsht\u00eb ngritur aktakuz\u00eb, s\u00eb bashku me k\u00ebrkes\u00ebn p\u00ebr caktimin e mas\u00ebs s\u00eb paraburgimit. \u201cSipas dyshimeve fillestare, i dyshuari ka kanosur gazetarin p\u00ebr shkak t\u00eb ushtrimit t\u00eb detyr\u00ebs dhe profesionit t\u00eb tij. Prokurori i shtetit, pran\u00eb gjykat\u00ebs kompetente, ka paraqitur aktakuz\u00eb, s\u00eb bashku me k\u00ebrkes\u00ebn p\u00ebr caktimin e mas\u00ebs s\u00eb paraburgimit ndaj t\u00eb dyshuarit. Prokuroria Themelore<\/p>\n","protected":false},"author":7,"featured_media":14857,"comment_status":"open","ping_status":"open","sticky":false,"template":"","format":"standard","meta":{"rank_math_lock_modified_date":false,"slim_seo":[],"footnotes":""},"categories":[1],"tags":[],"_links":{"self":[{"href":"https:\/\/shenjester.net\/index.php\/wp-json\/wp\/v2\/posts\/16997"}],"collection":[{"href":"https:\/\/shenjester.net\/index.php\/wp-json\/wp\/v2\/posts"}],"about":[{"href":"https:\/\/shenjester.net\/index.php\/wp-json\/wp\/v2\/types\/post"}],"author":[{"embeddable":true,"href":"https:\/\/shenjester.net\/index.php\/wp-json\/wp\/v2\/users\/7"}],"replies":[{"embeddable":true,"href":"https:\/\/shenjester.net\/index.php\/wp-json\/wp\/v2\/comments?post=16997"}],"version-history":[{"count":2,"href":"https:\/\/shenjester.net\/index.php\/wp-json\/wp\/v2\/posts\/16997\/revisions"}],"predecessor-version":[{"id":16999,"href":"https:\/\/shenjester.net\/index.php\/wp-json\/wp\/v2\/posts\/16997\/revisions\/16999"}],"wp:featuredmedia":[{"embeddable":true,"href":"https:\/\/shenjester.net\/index.php\/wp-json\/wp\/v2\/media\/14857"}],"wp:attachment":[{"href":"https:\/\/shenjester.net\/index.php\/wp-json\/wp\/v2\/media?parent=16997"}],"wp:term":[{"taxonomy":"category","embeddable":true,"href":"https:\/\/shenjester.net\/index.php\/wp-json\/wp\/v2\/categories?post=16997"},{"taxonomy":"post_tag","embeddable":true,"href":"https:\/\/shenjester.net\/index.php\/wp-json\/wp\/v2\/tags?post=16997"}],"curies":[{"name":"wp","href":"https:\/\/api.w.org\/{rel}","templated":true}]}}