{"id":16995,"date":"2026-04-24T18:04:31","date_gmt":"2026-04-24T17:04:31","guid":{"rendered":"https:\/\/shenjester.net\/?p=16995"},"modified":"2026-04-24T18:04:31","modified_gmt":"2026-04-24T17:04:31","slug":"kuvendi-zgjedh-dy-anetare-te-kgjk-se-nje-pozite-mbetet-pa-u-plotesuar","status":"publish","type":"post","link":"https:\/\/shenjester.net\/index.php\/2026\/04\/24\/kuvendi-zgjedh-dy-anetare-te-kgjk-se-nje-pozite-mbetet-pa-u-plotesuar\/","title":{"rendered":"Kuvendi zgjedh dy an\u00ebtar\u00eb t\u00eb KGJK-s\u00eb, nj\u00eb pozit\u00eb mbetet pa u plot\u00ebsuar"},"content":{"rendered":"<p>Kuvendi i Kosov\u00ebs ka zgjedhur dy an\u00ebtar\u00eb t\u00eb K\u00ebshillit Gjyq\u00ebsor t\u00eb Kosov\u00ebs (KGJK), nj\u00eb nga komuniteti shqiptar dhe nj\u00eb nga komuniteti serb, n\u00eb seanc\u00ebn e mbajtur k\u00ebt\u00eb t\u00eb premte.<\/p>\n<p>An\u00ebtar i KGJK-s\u00eb nga komuniteti shqiptar \u00ebsht\u00eb zgjedhur Bashkim Hyseni, nd\u00ebrsa nga komuniteti serb \u00ebsht\u00eb zgjedhur Ivana Milenkoviq. Nd\u00ebrkoh\u00eb, p\u00ebr pozit\u00ebn e dyt\u00eb nga komuniteti serb, procesi do t\u00eb p\u00ebrs\u00ebritet, pasi asnj\u00ebri nga kandidat\u00ebt nuk arriti t\u00eb siguroj\u00eb votat e nevojshme. K\u00ebt\u00eb e b\u00ebri t\u00eb ditur kryetarja e Kuvendit, Albulena Haxhiu.<\/p>\n<p>Votimi \u00ebsht\u00eb zhvilluar n\u00eb m\u00ebnyr\u00eb t\u00eb fsheht\u00eb, n\u00ebn mbik\u00ebqyrjen e nj\u00eb komisioni t\u00eb p\u00ebrb\u00ebr\u00eb nga deputet\u00eb t\u00eb partive parlamentare. Kryesuesi i k\u00ebtij komisioni, Bek\u00eb Berisha, ka njoftuar se n\u00eb votim kan\u00eb marr\u00eb pjes\u00eb 109 deputet\u00eb.<\/p>\n<p>Fillimisht, Komisioni p\u00ebr Legjislacion kishte propozuar dy kandidat\u00eb nga komuniteti shqiptar p\u00ebr nj\u00eb pozit\u00eb, si dhe kat\u00ebr kandidat\u00eb nga komuniteti serb p\u00ebr dy pozita. Nga radh\u00ebt e komunitetit shqiptar n\u00eb gar\u00eb ishin Bashkim Hyseni dhe Ilire Vitija-Bajraktari, nd\u00ebrsa nga komuniteti serb: Miljena Gjeriq, Zorica Petkoviq, Ivana Milenkoviq dhe Bovan Aleksiq.<\/p>\n<p>K\u00ebshilli Gjyq\u00ebsor i Kosov\u00ebs, sipas Kushtetut\u00ebs, p\u00ebrb\u00ebhet nga 13 an\u00ebtar\u00eb me mandat pes\u00ebvje\u00e7ar, t\u00eb cil\u00ebt zgjidhen nga radh\u00ebt e gjyq\u00ebsorit dhe Kuvendit.<\/p>\n<p>Aktualisht, KGJK-ja \u00ebsht\u00eb pa kryesues, pasi Albert Zogajt i ka p\u00ebrfunduar mandati, nd\u00ebrsa detyr\u00ebn e ushtrueses s\u00eb detyr\u00ebs e mban Arjeta Sadiku, n\u00eb cil\u00ebsin\u00eb e z\u00ebvend\u00ebskryesueses.<\/p>\n","protected":false},"excerpt":{"rendered":"<p>Kuvendi i Kosov\u00ebs ka zgjedhur dy an\u00ebtar\u00eb t\u00eb K\u00ebshillit Gjyq\u00ebsor t\u00eb Kosov\u00ebs (KGJK), nj\u00eb nga komuniteti shqiptar dhe nj\u00eb nga komuniteti serb, n\u00eb seanc\u00ebn e mbajtur k\u00ebt\u00eb t\u00eb premte. An\u00ebtar i KGJK-s\u00eb nga komuniteti shqiptar \u00ebsht\u00eb zgjedhur Bashkim Hyseni, nd\u00ebrsa nga komuniteti serb \u00ebsht\u00eb zgjedhur Ivana Milenkoviq. Nd\u00ebrkoh\u00eb, p\u00ebr pozit\u00ebn e dyt\u00eb nga komuniteti serb, procesi do t\u00eb p\u00ebrs\u00ebritet, pasi asnj\u00ebri nga kandidat\u00ebt nuk arriti t\u00eb siguroj\u00eb votat e nevojshme. K\u00ebt\u00eb e b\u00ebri t\u00eb ditur kryetarja e Kuvendit, Albulena Haxhiu. Votimi \u00ebsht\u00eb zhvilluar n\u00eb m\u00ebnyr\u00eb t\u00eb fsheht\u00eb, n\u00ebn mbik\u00ebqyrjen e nj\u00eb komisioni t\u00eb p\u00ebrb\u00ebr\u00eb nga deputet\u00eb t\u00eb partive parlamentare. Kryesuesi<\/p>\n","protected":false},"author":7,"featured_media":11593,"comment_status":"open","ping_status":"open","sticky":false,"template":"","format":"standard","meta":{"rank_math_lock_modified_date":false,"slim_seo":[],"footnotes":""},"categories":[1],"tags":[63],"_links":{"self":[{"href":"https:\/\/shenjester.net\/index.php\/wp-json\/wp\/v2\/posts\/16995"}],"collection":[{"href":"https:\/\/shenjester.net\/index.php\/wp-json\/wp\/v2\/posts"}],"about":[{"href":"https:\/\/shenjester.net\/index.php\/wp-json\/wp\/v2\/types\/post"}],"author":[{"embeddable":true,"href":"https:\/\/shenjester.net\/index.php\/wp-json\/wp\/v2\/users\/7"}],"replies":[{"embeddable":true,"href":"https:\/\/shenjester.net\/index.php\/wp-json\/wp\/v2\/comments?post=16995"}],"version-history":[{"count":1,"href":"https:\/\/shenjester.net\/index.php\/wp-json\/wp\/v2\/posts\/16995\/revisions"}],"predecessor-version":[{"id":16996,"href":"https:\/\/shenjester.net\/index.php\/wp-json\/wp\/v2\/posts\/16995\/revisions\/16996"}],"wp:featuredmedia":[{"embeddable":true,"href":"https:\/\/shenjester.net\/index.php\/wp-json\/wp\/v2\/media\/11593"}],"wp:attachment":[{"href":"https:\/\/shenjester.net\/index.php\/wp-json\/wp\/v2\/media?parent=16995"}],"wp:term":[{"taxonomy":"category","embeddable":true,"href":"https:\/\/shenjester.net\/index.php\/wp-json\/wp\/v2\/categories?post=16995"},{"taxonomy":"post_tag","embeddable":true,"href":"https:\/\/shenjester.net\/index.php\/wp-json\/wp\/v2\/tags?post=16995"}],"curies":[{"name":"wp","href":"https:\/\/api.w.org\/{rel}","templated":true}]}}