{"id":16992,"date":"2026-04-24T17:52:30","date_gmt":"2026-04-24T16:52:30","guid":{"rendered":"https:\/\/shenjester.net\/?p=16992"},"modified":"2026-04-24T17:52:30","modified_gmt":"2026-04-24T16:52:30","slug":"kuvendi-miraton-anetaresimin-e-kosoves-ne-bordin-e-paqes-me-103-vota","status":"publish","type":"post","link":"https:\/\/shenjester.net\/index.php\/2026\/04\/24\/kuvendi-miraton-anetaresimin-e-kosoves-ne-bordin-e-paqes-me-103-vota\/","title":{"rendered":"Kuvendi miraton an\u00ebtar\u00ebsimin e Kosov\u00ebs n\u00eb Bordin e Paqes me 103 vota"},"content":{"rendered":"<p>Kuvendi i Kosov\u00ebs ka miratuar marr\u00ebveshjen p\u00ebr an\u00ebtar\u00ebsimin e vendit n\u00eb Bordin e Paqes, n\u00eb nj\u00eb seanc\u00eb t\u00eb mbajtur m\u00eb 24.04.2026, me gjithsej 103 vota pro.<\/p>\n<p>Sipas njoftimit, Komisioni p\u00ebr Pun\u00eb t\u00eb Jashtme ka vler\u00ebsuar se ky bord, si organizat\u00eb nd\u00ebrkomb\u00ebtare, ka p\u00ebr q\u00ebllim promovimin e stabilitetit dhe garantimin e paqes s\u00eb q\u00ebndrueshme n\u00eb zonat e prekura ose t\u00eb k\u00ebrc\u00ebnuara nga konflikti. Deputetja e LVV-s\u00eb, Arbresha Kryeziu-Hyseni, tha se an\u00ebtar\u00ebsimi i Kosov\u00ebs n\u00eb k\u00ebt\u00eb mekaniz\u00ebm do ta zgjeroj\u00eb rrjetin e organizatave nd\u00ebrkomb\u00ebtare ku vendi b\u00ebn pjes\u00eb.<\/p>\n<p>Nd\u00ebrkoh\u00eb, deputeti i PDK-s\u00eb, Elmi Re\u00e7ica, e cil\u00ebsoi k\u00ebt\u00eb hap si interes t\u00eb lart\u00eb shtet\u00ebror, duke th\u00ebn\u00eb se ai forcon sigurin\u00eb komb\u00ebtare, orientimin euroatlantik t\u00eb Kosov\u00ebs dhe konsolidon aleanc\u00ebn me SHBA-n\u00eb. Ai shtoi se marr\u00ebveshja \u00ebsht\u00eb n\u00eb p\u00ebrputhje me Kushtetut\u00ebn dhe t\u00eb drejt\u00ebn nd\u00ebrkomb\u00ebtare, duke theksuar se nuk cenon sovranitetin e vendit dhe nuk obligon pjes\u00ebmarrje n\u00eb misione pa p\u00eblqim.<\/p>\n<p>N\u00eb fund t\u00eb seanc\u00ebs, kryetarja e Kuvendit, Albulena Haxhiu, b\u00ebri nj\u00eb deklarat\u00eb me tone ironike, duke th\u00ebn\u00eb se: \u201cMe k\u00ebt\u00eb unitet t\u00eb jasht\u00ebzakonsh\u00ebm, ndoshta mund t\u00eb zgjidhet edhe presidenti me t\u00eb nj\u00ebjtin votim\u201d.<\/p>\n<p>Komisioni p\u00ebr Pun\u00eb t\u00eb Jashtme dhe Diaspor\u00eb kishte miratuar projektligjin m\u00eb 22.04.2026, nd\u00ebrsa m\u00eb her\u00ebt, m\u00eb 19.02.2026, presidentja Vjosa Osmani kishte marr\u00eb pjes\u00eb n\u00eb takimin inaugurues t\u00eb Bordit t\u00eb Paqes n\u00eb Uashington. N\u00eb at\u00eb takim, Osmani kishte b\u00ebr\u00eb t\u00eb ditur se Kosova \u00ebsht\u00eb n\u00eb mesin e pes\u00eb shteteve t\u00eb para q\u00eb jan\u00eb zotuar p\u00ebr d\u00ebrgimin e trupave paqeruajt\u00ebse n\u00eb kuad\u00ebr t\u00eb nj\u00eb force nd\u00ebrkomb\u00ebtare p\u00ebr sigurin\u00eb n\u00eb Gaz\u00eb, pa obligime financiare.<\/p>\n<p>Sipas planit t\u00eb prezantuar, presidenti amerikan Donald Trump pritet t\u00eb udh\u00ebheq\u00eb Bordin e Paqes, nd\u00ebrsa K\u00ebshilli i Sigurimit i OKB-s\u00eb i ka dh\u00ebn\u00eb mandat deri n\u00eb vitin 2027, me fokus n\u00eb stabilizimin dhe rind\u00ebrtimin e Gaz\u00ebs.<\/p>\n","protected":false},"excerpt":{"rendered":"<p>Kuvendi i Kosov\u00ebs ka miratuar marr\u00ebveshjen p\u00ebr an\u00ebtar\u00ebsimin e vendit n\u00eb Bordin e Paqes, n\u00eb nj\u00eb seanc\u00eb t\u00eb mbajtur m\u00eb 24.04.2026, me gjithsej 103 vota pro. Sipas njoftimit, Komisioni p\u00ebr Pun\u00eb t\u00eb Jashtme ka vler\u00ebsuar se ky bord, si organizat\u00eb nd\u00ebrkomb\u00ebtare, ka p\u00ebr q\u00ebllim promovimin e stabilitetit dhe garantimin e paqes s\u00eb q\u00ebndrueshme n\u00eb zonat e prekura ose t\u00eb k\u00ebrc\u00ebnuara nga konflikti. Deputetja e LVV-s\u00eb, Arbresha Kryeziu-Hyseni, tha se an\u00ebtar\u00ebsimi i Kosov\u00ebs n\u00eb k\u00ebt\u00eb mekaniz\u00ebm do ta zgjeroj\u00eb rrjetin e organizatave nd\u00ebrkomb\u00ebtare ku vendi b\u00ebn pjes\u00eb. Nd\u00ebrkoh\u00eb, deputeti i PDK-s\u00eb, Elmi Re\u00e7ica, e cil\u00ebsoi k\u00ebt\u00eb hap si interes t\u00eb lart\u00eb<\/p>\n","protected":false},"author":7,"featured_media":4900,"comment_status":"open","ping_status":"open","sticky":false,"template":"","format":"standard","meta":{"rank_math_lock_modified_date":false,"slim_seo":[],"footnotes":""},"categories":[1],"tags":[63],"_links":{"self":[{"href":"https:\/\/shenjester.net\/index.php\/wp-json\/wp\/v2\/posts\/16992"}],"collection":[{"href":"https:\/\/shenjester.net\/index.php\/wp-json\/wp\/v2\/posts"}],"about":[{"href":"https:\/\/shenjester.net\/index.php\/wp-json\/wp\/v2\/types\/post"}],"author":[{"embeddable":true,"href":"https:\/\/shenjester.net\/index.php\/wp-json\/wp\/v2\/users\/7"}],"replies":[{"embeddable":true,"href":"https:\/\/shenjester.net\/index.php\/wp-json\/wp\/v2\/comments?post=16992"}],"version-history":[{"count":2,"href":"https:\/\/shenjester.net\/index.php\/wp-json\/wp\/v2\/posts\/16992\/revisions"}],"predecessor-version":[{"id":16994,"href":"https:\/\/shenjester.net\/index.php\/wp-json\/wp\/v2\/posts\/16992\/revisions\/16994"}],"wp:featuredmedia":[{"embeddable":true,"href":"https:\/\/shenjester.net\/index.php\/wp-json\/wp\/v2\/media\/4900"}],"wp:attachment":[{"href":"https:\/\/shenjester.net\/index.php\/wp-json\/wp\/v2\/media?parent=16992"}],"wp:term":[{"taxonomy":"category","embeddable":true,"href":"https:\/\/shenjester.net\/index.php\/wp-json\/wp\/v2\/categories?post=16992"},{"taxonomy":"post_tag","embeddable":true,"href":"https:\/\/shenjester.net\/index.php\/wp-json\/wp\/v2\/tags?post=16992"}],"curies":[{"name":"wp","href":"https:\/\/api.w.org\/{rel}","templated":true}]}}