{"id":16983,"date":"2026-04-24T17:37:30","date_gmt":"2026-04-24T16:37:30","guid":{"rendered":"https:\/\/shenjester.net\/?p=16983"},"modified":"2026-04-24T17:37:30","modified_gmt":"2026-04-24T16:37:30","slug":"terzic-drejt-athletic-bilbaos-marreveshje-verbale-mes-paleve","status":"publish","type":"post","link":"https:\/\/shenjester.net\/index.php\/2026\/04\/24\/terzic-drejt-athletic-bilbaos-marreveshje-verbale-mes-paleve\/","title":{"rendered":"Terzic drejt Athletic Bilbaos, marr\u00ebveshje verbale mes pal\u00ebve"},"content":{"rendered":"<p>Ish-trajneri i Borussia Dortmund, Edin Terzic, po shihet si kandidati kryesor p\u00ebr postin e trajnerit te Athletic Bilbao.<\/p>\n<p>Drejtuesit e klubit bask e konsiderojn\u00eb at\u00eb si z\u00ebvend\u00ebsimin ideal p\u00ebr Ernesto Valverde, i cili pritet t\u00eb largohet n\u00eb fund t\u00eb sezonit.<\/p>\n<p>Megjith\u00ebse kontrata zyrtare ende nuk \u00ebsht\u00eb n\u00ebnshkruar, pal\u00ebt tashm\u00eb kan\u00eb arritur nj\u00eb marr\u00ebveshje verbale. Hapat e ardhsh\u00ebm p\u00ebr finalizimin e marr\u00ebveshjes pritet t\u00eb nd\u00ebrmerren n\u00eb dit\u00ebt n\u00eb vijim, n\u00ebse gjith\u00e7ka shkon sipas planit.<\/p>\n<p>Kujtojm\u00eb se Terzic \u00ebsht\u00eb pa angazhim q\u00eb nga ndarja me Borussia Dortmund n\u00eb ver\u00ebn e vitit 2024.<\/p>\n","protected":false},"excerpt":{"rendered":"<p>Ish-trajneri i Borussia Dortmund, Edin Terzic, po shihet si kandidati kryesor p\u00ebr postin e trajnerit te Athletic Bilbao. Drejtuesit e klubit bask e konsiderojn\u00eb at\u00eb si z\u00ebvend\u00ebsimin ideal p\u00ebr Ernesto Valverde, i cili pritet t\u00eb largohet n\u00eb fund t\u00eb sezonit. Megjith\u00ebse kontrata zyrtare ende nuk \u00ebsht\u00eb n\u00ebnshkruar, pal\u00ebt tashm\u00eb kan\u00eb arritur nj\u00eb marr\u00ebveshje verbale. Hapat e ardhsh\u00ebm p\u00ebr finalizimin e marr\u00ebveshjes pritet t\u00eb nd\u00ebrmerren n\u00eb dit\u00ebt n\u00eb vijim, n\u00ebse gjith\u00e7ka shkon sipas planit. Kujtojm\u00eb se Terzic \u00ebsht\u00eb pa angazhim q\u00eb nga ndarja me Borussia Dortmund n\u00eb ver\u00ebn e vitit 2024.<\/p>\n","protected":false},"author":7,"featured_media":16984,"comment_status":"open","ping_status":"open","sticky":false,"template":"","format":"standard","meta":{"rank_math_lock_modified_date":false,"slim_seo":[],"footnotes":""},"categories":[3],"tags":[],"_links":{"self":[{"href":"https:\/\/shenjester.net\/index.php\/wp-json\/wp\/v2\/posts\/16983"}],"collection":[{"href":"https:\/\/shenjester.net\/index.php\/wp-json\/wp\/v2\/posts"}],"about":[{"href":"https:\/\/shenjester.net\/index.php\/wp-json\/wp\/v2\/types\/post"}],"author":[{"embeddable":true,"href":"https:\/\/shenjester.net\/index.php\/wp-json\/wp\/v2\/users\/7"}],"replies":[{"embeddable":true,"href":"https:\/\/shenjester.net\/index.php\/wp-json\/wp\/v2\/comments?post=16983"}],"version-history":[{"count":2,"href":"https:\/\/shenjester.net\/index.php\/wp-json\/wp\/v2\/posts\/16983\/revisions"}],"predecessor-version":[{"id":16986,"href":"https:\/\/shenjester.net\/index.php\/wp-json\/wp\/v2\/posts\/16983\/revisions\/16986"}],"wp:featuredmedia":[{"embeddable":true,"href":"https:\/\/shenjester.net\/index.php\/wp-json\/wp\/v2\/media\/16984"}],"wp:attachment":[{"href":"https:\/\/shenjester.net\/index.php\/wp-json\/wp\/v2\/media?parent=16983"}],"wp:term":[{"taxonomy":"category","embeddable":true,"href":"https:\/\/shenjester.net\/index.php\/wp-json\/wp\/v2\/categories?post=16983"},{"taxonomy":"post_tag","embeddable":true,"href":"https:\/\/shenjester.net\/index.php\/wp-json\/wp\/v2\/tags?post=16983"}],"curies":[{"name":"wp","href":"https:\/\/api.w.org\/{rel}","templated":true}]}}