{"id":16980,"date":"2026-04-24T17:34:17","date_gmt":"2026-04-24T16:34:17","guid":{"rendered":"https:\/\/shenjester.net\/?p=16980"},"modified":"2026-04-24T17:34:17","modified_gmt":"2026-04-24T16:34:17","slug":"denim-i-rende-per-mesfushorin-e-benfices-6-ndeshje-jashte","status":"publish","type":"post","link":"https:\/\/shenjester.net\/index.php\/2026\/04\/24\/denim-i-rende-per-mesfushorin-e-benfices-6-ndeshje-jashte\/","title":{"rendered":"D\u00ebnim i r\u00ebnd\u00eb p\u00ebr mesfushorin e Benfic\u00ebs, 6 ndeshje jasht\u00eb"},"content":{"rendered":"<p>UEFA ka d\u00ebnuar mesfushorin e Benfic\u00ebs, Gianluca Prestianni, me gjasht\u00eb ndeshje pezullim p\u00ebr sjellje diskriminuese, p\u00ebrfshir\u00eb abuzim homofobik.<\/p>\n<p>Vendimi \u00ebsht\u00eb marr\u00eb nga Komisioni i Kontrollit, Etik\u00ebs dhe Disiplin\u00ebs i UEFA, pas nj\u00eb incidenti t\u00eb ndodhur n\u00eb ndeshjen e UEFA Champions League ndaj Real Madrid m\u00eb 17 shkurt.<\/p>\n<p>Sipas raportit t\u00eb nj\u00eb inspektori t\u00eb UEFA-s, lojtari argjentinas ka shfaqur sjellje me elemente diskriminuese, \u00e7ka \u00e7oi n\u00eb hapjen e procedur\u00ebs disiplinore.<\/p>\n<p>Pas shqyrtimit t\u00eb rastit, UEFA vendosi ta d\u00ebnoj\u00eb Prestiannin me gjasht\u00eb ndeshje pezullim nga garat evropiane dhe ato me p\u00ebrfaq\u00ebsuesen.<\/p>\n<p>Megjithat\u00eb, gjysma e d\u00ebnimit \u00ebsht\u00eb pezulluar: tri ndeshje jan\u00eb shtyr\u00eb n\u00eb nj\u00eb periudh\u00eb prove prej dy vitesh. Kjo n\u00ebnkupton se lojtari do t\u00eb mungoj\u00eb n\u00eb tri ndeshje, n\u00ebse nuk p\u00ebrs\u00ebrit shkelje gjat\u00eb k\u00ebsaj kohe.<\/p>\n<p>UEFA ka b\u00ebr\u00eb t\u00eb ditur gjithashtu se nj\u00eb ndeshje nga pezullimi tashm\u00eb \u00ebsht\u00eb shlyer, q\u00eb lidhet me nj\u00eb d\u00ebnim t\u00eb m\u00ebparsh\u00ebm n\u00eb play-off-in mes Real Madrid dhe Benfica.<\/p>\n<p>Nd\u00ebrkoh\u00eb, UEFA i ka k\u00ebrkuar edhe FIFA q\u00eb d\u00ebnimi t\u00eb shtrihet n\u00eb nivel global. N\u00ebse kjo k\u00ebrkes\u00eb miratohet, Prestianni mund t\u00eb p\u00ebrballet me pasoja edhe n\u00eb garat nd\u00ebrkomb\u00ebtare, duke rrezikuar pjes\u00ebmarrjen n\u00eb Kampionatin Bot\u00ebror.<\/p>\n","protected":false},"excerpt":{"rendered":"<p>UEFA ka d\u00ebnuar mesfushorin e Benfic\u00ebs, Gianluca Prestianni, me gjasht\u00eb ndeshje pezullim p\u00ebr sjellje diskriminuese, p\u00ebrfshir\u00eb abuzim homofobik. Vendimi \u00ebsht\u00eb marr\u00eb nga Komisioni i Kontrollit, Etik\u00ebs dhe Disiplin\u00ebs i UEFA, pas nj\u00eb incidenti t\u00eb ndodhur n\u00eb ndeshjen e UEFA Champions League ndaj Real Madrid m\u00eb 17 shkurt. Sipas raportit t\u00eb nj\u00eb inspektori t\u00eb UEFA-s, lojtari argjentinas ka shfaqur sjellje me elemente diskriminuese, \u00e7ka \u00e7oi n\u00eb hapjen e procedur\u00ebs disiplinore. Pas shqyrtimit t\u00eb rastit, UEFA vendosi ta d\u00ebnoj\u00eb Prestiannin me gjasht\u00eb ndeshje pezullim nga garat evropiane dhe ato me p\u00ebrfaq\u00ebsuesen. Megjithat\u00eb, gjysma e d\u00ebnimit \u00ebsht\u00eb pezulluar: tri ndeshje jan\u00eb shtyr\u00eb n\u00eb<\/p>\n","protected":false},"author":7,"featured_media":16981,"comment_status":"open","ping_status":"open","sticky":false,"template":"","format":"standard","meta":{"rank_math_lock_modified_date":false,"slim_seo":[],"footnotes":""},"categories":[3],"tags":[],"_links":{"self":[{"href":"https:\/\/shenjester.net\/index.php\/wp-json\/wp\/v2\/posts\/16980"}],"collection":[{"href":"https:\/\/shenjester.net\/index.php\/wp-json\/wp\/v2\/posts"}],"about":[{"href":"https:\/\/shenjester.net\/index.php\/wp-json\/wp\/v2\/types\/post"}],"author":[{"embeddable":true,"href":"https:\/\/shenjester.net\/index.php\/wp-json\/wp\/v2\/users\/7"}],"replies":[{"embeddable":true,"href":"https:\/\/shenjester.net\/index.php\/wp-json\/wp\/v2\/comments?post=16980"}],"version-history":[{"count":1,"href":"https:\/\/shenjester.net\/index.php\/wp-json\/wp\/v2\/posts\/16980\/revisions"}],"predecessor-version":[{"id":16982,"href":"https:\/\/shenjester.net\/index.php\/wp-json\/wp\/v2\/posts\/16980\/revisions\/16982"}],"wp:featuredmedia":[{"embeddable":true,"href":"https:\/\/shenjester.net\/index.php\/wp-json\/wp\/v2\/media\/16981"}],"wp:attachment":[{"href":"https:\/\/shenjester.net\/index.php\/wp-json\/wp\/v2\/media?parent=16980"}],"wp:term":[{"taxonomy":"category","embeddable":true,"href":"https:\/\/shenjester.net\/index.php\/wp-json\/wp\/v2\/categories?post=16980"},{"taxonomy":"post_tag","embeddable":true,"href":"https:\/\/shenjester.net\/index.php\/wp-json\/wp\/v2\/tags?post=16980"}],"curies":[{"name":"wp","href":"https:\/\/api.w.org\/{rel}","templated":true}]}}