{"id":16961,"date":"2026-04-20T17:22:08","date_gmt":"2026-04-20T16:22:08","guid":{"rendered":"https:\/\/shenjester.net\/?p=16961"},"modified":"2026-04-20T17:22:08","modified_gmt":"2026-04-20T16:22:08","slug":"e-ardhmja-e-gasperinit-ne-dyshim","status":"publish","type":"post","link":"https:\/\/shenjester.net\/index.php\/2026\/04\/20\/e-ardhmja-e-gasperinit-ne-dyshim\/","title":{"rendered":"E ardhmja e Gasperinit n\u00eb dyshim"},"content":{"rendered":"<p>E ardhmja e trajnerit t\u00eb Rom\u00ebs, Gian Piero Gasperini, \u00ebsht\u00eb pezull. Sipas Il Messaggero, tekniku italian u ka paraqitur pronar\u00ebve t\u00eb klubit, familjes Friedkin, nj\u00eb list\u00eb me kushte q\u00eb duhen p\u00ebrmbushur n\u00eb m\u00ebnyr\u00eb q\u00eb ai t\u00eb q\u00ebndroj\u00eb n\u00eb skuad\u00ebr edhe p\u00ebr nj\u00eb sezon tjet\u00ebr.<\/p>\n<p>S\u00eb pari, Gasperini k\u00ebrkon nd\u00ebrprerjen e \u00e7do marr\u00ebdh\u00ebnieje pune me Claudio Ranierin, si dhe em\u00ebrimin e nj\u00eb drejtori t\u00eb ri sportiv me t\u00eb cilin mund t\u00eb bashk\u00ebpunoj\u00eb drejtp\u00ebrdrejt.<\/p>\n<p>Kushti i tij i dyt\u00eb kryesor? Nj\u00eb rishikim i plot\u00eb i stafit mjek\u00ebsor dhe teknik. Aktualisht, disa an\u00ebtar\u00eb t\u00eb ekipit jan\u00eb njer\u00ebz t\u00eb besuar t\u00eb Ranierit, kontratat e t\u00eb cil\u00ebve u zgjat\u00ebn n\u00eb fillim t\u00eb vitit \u2014 nj\u00eb skem\u00eb kjo q\u00eb menaxheri aktual e konsideron plot\u00ebsisht t\u00eb papranueshme.<\/p>\n<p>P\u00ebrve\u00e7 k\u00ebsaj, kreu i stolit verdhekuq po k\u00ebmb\u00ebngul p\u00ebr nj\u00eb pozicion trajneri t\u00eb stilit anglez. Gasperini k\u00ebrkon kontroll t\u00eb plot\u00eb mbi strategjin\u00eb e transferimeve, duke i p\u00ebrzgjedhur personalisht lojtar\u00ebt p\u00ebr t\u00eb forcuar skuadr\u00ebn.<\/p>\n","protected":false},"excerpt":{"rendered":"<p>E ardhmja e trajnerit t\u00eb Rom\u00ebs, Gian Piero Gasperini, \u00ebsht\u00eb pezull. Sipas Il Messaggero, tekniku italian u ka paraqitur pronar\u00ebve t\u00eb klubit, familjes Friedkin, nj\u00eb list\u00eb me kushte q\u00eb duhen p\u00ebrmbushur n\u00eb m\u00ebnyr\u00eb q\u00eb ai t\u00eb q\u00ebndroj\u00eb n\u00eb skuad\u00ebr edhe p\u00ebr nj\u00eb sezon tjet\u00ebr. S\u00eb pari, Gasperini k\u00ebrkon nd\u00ebrprerjen e \u00e7do marr\u00ebdh\u00ebnieje pune me Claudio Ranierin, si dhe em\u00ebrimin e nj\u00eb drejtori t\u00eb ri sportiv me t\u00eb cilin mund t\u00eb bashk\u00ebpunoj\u00eb drejtp\u00ebrdrejt. Kushti i tij i dyt\u00eb kryesor? Nj\u00eb rishikim i plot\u00eb i stafit mjek\u00ebsor dhe teknik. Aktualisht, disa an\u00ebtar\u00eb t\u00eb ekipit jan\u00eb njer\u00ebz t\u00eb besuar t\u00eb Ranierit, kontratat e<\/p>\n","protected":false},"author":7,"featured_media":16962,"comment_status":"open","ping_status":"open","sticky":false,"template":"","format":"standard","meta":{"rank_math_lock_modified_date":false,"slim_seo":[],"footnotes":""},"categories":[3],"tags":[],"_links":{"self":[{"href":"https:\/\/shenjester.net\/index.php\/wp-json\/wp\/v2\/posts\/16961"}],"collection":[{"href":"https:\/\/shenjester.net\/index.php\/wp-json\/wp\/v2\/posts"}],"about":[{"href":"https:\/\/shenjester.net\/index.php\/wp-json\/wp\/v2\/types\/post"}],"author":[{"embeddable":true,"href":"https:\/\/shenjester.net\/index.php\/wp-json\/wp\/v2\/users\/7"}],"replies":[{"embeddable":true,"href":"https:\/\/shenjester.net\/index.php\/wp-json\/wp\/v2\/comments?post=16961"}],"version-history":[{"count":2,"href":"https:\/\/shenjester.net\/index.php\/wp-json\/wp\/v2\/posts\/16961\/revisions"}],"predecessor-version":[{"id":16964,"href":"https:\/\/shenjester.net\/index.php\/wp-json\/wp\/v2\/posts\/16961\/revisions\/16964"}],"wp:featuredmedia":[{"embeddable":true,"href":"https:\/\/shenjester.net\/index.php\/wp-json\/wp\/v2\/media\/16962"}],"wp:attachment":[{"href":"https:\/\/shenjester.net\/index.php\/wp-json\/wp\/v2\/media?parent=16961"}],"wp:term":[{"taxonomy":"category","embeddable":true,"href":"https:\/\/shenjester.net\/index.php\/wp-json\/wp\/v2\/categories?post=16961"},{"taxonomy":"post_tag","embeddable":true,"href":"https:\/\/shenjester.net\/index.php\/wp-json\/wp\/v2\/tags?post=16961"}],"curies":[{"name":"wp","href":"https:\/\/api.w.org\/{rel}","templated":true}]}}