{"id":16861,"date":"2026-04-14T15:25:57","date_gmt":"2026-04-14T14:25:57","guid":{"rendered":"https:\/\/shenjester.net\/?p=16861"},"modified":"2026-04-14T15:25:57","modified_gmt":"2026-04-14T14:25:57","slug":"gjykata-ne-paris-shpall-fajtor-lafarge-per-financim-te-terrorizmit-ne-siri","status":"publish","type":"post","link":"https:\/\/shenjester.net\/index.php\/2026\/04\/14\/gjykata-ne-paris-shpall-fajtor-lafarge-per-financim-te-terrorizmit-ne-siri\/","title":{"rendered":"Gjykata n\u00eb Paris shpall fajtor Lafarge p\u00ebr financim t\u00eb terrorizmit n\u00eb Siri"},"content":{"rendered":"<p>Nj\u00eb gjykat\u00eb n\u00eb Paris ka shpallur fajtore kompanin\u00eb Lafarge, ish-drejtorin e saj ekzekutiv, Bruno Lafont, si dhe disa drejtues t\u00eb tjer\u00eb p\u00ebr financimin e terrorizmit gjat\u00eb luft\u00ebs civile n\u00eb Siri.<\/p>\n<p>Sipas vendimit, Lafarge ka paguar rreth 6.5 milion\u00eb dollar\u00eb grupeve terroriste n\u00eb periudh\u00ebn 2013\u20132014, me q\u00ebllim q\u00eb t\u00eb mbante funksionale fabrik\u00ebn e \u00e7imentos n\u00eb veri t\u00eb Siris\u00eb. Nga kjo shum\u00eb, rreth 1 milion dollar\u00eb dyshohet se kan\u00eb p\u00ebrfunduar drejtp\u00ebrdrejt te organizatat terroriste si Daesh.<\/p>\n<p>Ish-CEO Bruno Lafont \u00ebsht\u00eb d\u00ebnuar me gjasht\u00eb vjet burgim, nd\u00ebrsa d\u00ebnime me burg kan\u00eb marr\u00eb edhe disa ekzekutiv\u00eb t\u00eb tjer\u00eb t\u00eb p\u00ebrfshir\u00eb n\u00eb k\u00ebt\u00eb skem\u00eb.<\/p>\n","protected":false},"excerpt":{"rendered":"<p>Nj\u00eb gjykat\u00eb n\u00eb Paris ka shpallur fajtore kompanin\u00eb Lafarge, ish-drejtorin e saj ekzekutiv, Bruno Lafont, si dhe disa drejtues t\u00eb tjer\u00eb p\u00ebr financimin e terrorizmit gjat\u00eb luft\u00ebs civile n\u00eb Siri. Sipas vendimit, Lafarge ka paguar rreth 6.5 milion\u00eb dollar\u00eb grupeve terroriste n\u00eb periudh\u00ebn 2013\u20132014, me q\u00ebllim q\u00eb t\u00eb mbante funksionale fabrik\u00ebn e \u00e7imentos n\u00eb veri t\u00eb Siris\u00eb. Nga kjo shum\u00eb, rreth 1 milion dollar\u00eb dyshohet se kan\u00eb p\u00ebrfunduar drejtp\u00ebrdrejt te organizatat terroriste si Daesh. Ish-CEO Bruno Lafont \u00ebsht\u00eb d\u00ebnuar me gjasht\u00eb vjet burgim, nd\u00ebrsa d\u00ebnime me burg kan\u00eb marr\u00eb edhe disa ekzekutiv\u00eb t\u00eb tjer\u00eb t\u00eb p\u00ebrfshir\u00eb n\u00eb k\u00ebt\u00eb skem\u00eb.<\/p>\n","protected":false},"author":7,"featured_media":16862,"comment_status":"open","ping_status":"open","sticky":false,"template":"","format":"standard","meta":{"rank_math_lock_modified_date":false,"slim_seo":[],"footnotes":""},"categories":[1],"tags":[64],"_links":{"self":[{"href":"https:\/\/shenjester.net\/index.php\/wp-json\/wp\/v2\/posts\/16861"}],"collection":[{"href":"https:\/\/shenjester.net\/index.php\/wp-json\/wp\/v2\/posts"}],"about":[{"href":"https:\/\/shenjester.net\/index.php\/wp-json\/wp\/v2\/types\/post"}],"author":[{"embeddable":true,"href":"https:\/\/shenjester.net\/index.php\/wp-json\/wp\/v2\/users\/7"}],"replies":[{"embeddable":true,"href":"https:\/\/shenjester.net\/index.php\/wp-json\/wp\/v2\/comments?post=16861"}],"version-history":[{"count":1,"href":"https:\/\/shenjester.net\/index.php\/wp-json\/wp\/v2\/posts\/16861\/revisions"}],"predecessor-version":[{"id":16863,"href":"https:\/\/shenjester.net\/index.php\/wp-json\/wp\/v2\/posts\/16861\/revisions\/16863"}],"wp:featuredmedia":[{"embeddable":true,"href":"https:\/\/shenjester.net\/index.php\/wp-json\/wp\/v2\/media\/16862"}],"wp:attachment":[{"href":"https:\/\/shenjester.net\/index.php\/wp-json\/wp\/v2\/media?parent=16861"}],"wp:term":[{"taxonomy":"category","embeddable":true,"href":"https:\/\/shenjester.net\/index.php\/wp-json\/wp\/v2\/categories?post=16861"},{"taxonomy":"post_tag","embeddable":true,"href":"https:\/\/shenjester.net\/index.php\/wp-json\/wp\/v2\/tags?post=16861"}],"curies":[{"name":"wp","href":"https:\/\/api.w.org\/{rel}","templated":true}]}}