{"id":16813,"date":"2026-04-10T20:08:24","date_gmt":"2026-04-10T19:08:24","guid":{"rendered":"https:\/\/shenjester.net\/?p=16813"},"modified":"2026-04-10T20:08:24","modified_gmt":"2026-04-10T19:08:24","slug":"kosova-ne-futsall-mposht-austrine-dhe-siguron-main-round","status":"publish","type":"post","link":"https:\/\/shenjester.net\/index.php\/2026\/04\/10\/kosova-ne-futsall-mposht-austrine-dhe-siguron-main-round\/","title":{"rendered":"Kosova n\u00eb futsall mposht Austrin\u00eb dhe siguron \u201cMain Round\u201d"},"content":{"rendered":"<p>Komb\u00ebtarja e Kosov\u00ebs n\u00eb futsall ka regjistruar fitoren e dyt\u00eb radhazi n\u00eb parakualifikimet p\u00ebr Bot\u00ebrorin 2028, duke mposhtur Austrin\u00eb me rezultatin 6:3, n\u00eb ndeshjen e zhvilluar n\u00eb Igalo t\u00eb Malit t\u00eb Zi.<\/p>\n<p>&#8220;Dardan\u00ebt&#8221; zhvilluan nj\u00eb loj\u00eb me rit\u00ebm t\u00eb lart\u00eb, ku diferenc\u00ebn e b\u00ebri efikasiteti n\u00eb momentet vendimtare. P\u00ebr Kosov\u00ebn shk\u00eblqeu Ramadan Alaj, i cili sh\u00ebnoi kat\u00ebr gola (19\u2019, 23\u2019, 32\u2019, 37\u2019) dhe ishte figura kryesore e takimit. Nj\u00eb gol tjet\u00ebr u realizua nga Shefki Kameri n\u00eb minut\u00ebn e 11-t\u00eb, nd\u00ebrsa Shqiprim Imeri sh\u00ebnoi n\u00eb minut\u00ebn e 28-t\u00eb.<\/p>\n<p>P\u00ebr Austrin\u00eb realizuan Gustavo (16\u2019, 36\u2019) dhe Alex Fl\u00f6gel (22\u2019), por pa arritur ta ndryshonin fatin e ndeshjes.<\/p>\n<p>Me k\u00ebt\u00eb fitore, Kosova ka siguruar kalimin n\u00eb faz\u00ebn \u201cMain Round\u201d t\u00eb kualifikimeve, pasi dy ekipet e para t\u00eb grupit avancojn\u00eb tutje. Ndeshja e fundit e grupit do t\u00eb luhet ndaj Malit t\u00eb Zi, t\u00eb diel\u00ebn n\u00eb or\u00ebn 19:30, ku do t\u00eb p\u00ebrcaktohet edhe vendi i par\u00eb n\u00eb grup.<\/p>\n","protected":false},"excerpt":{"rendered":"<p>Komb\u00ebtarja e Kosov\u00ebs n\u00eb futsall ka regjistruar fitoren e dyt\u00eb radhazi n\u00eb parakualifikimet p\u00ebr Bot\u00ebrorin 2028, duke mposhtur Austrin\u00eb me rezultatin 6:3, n\u00eb ndeshjen e zhvilluar n\u00eb Igalo t\u00eb Malit t\u00eb Zi. &#8220;Dardan\u00ebt&#8221; zhvilluan nj\u00eb loj\u00eb me rit\u00ebm t\u00eb lart\u00eb, ku diferenc\u00ebn e b\u00ebri efikasiteti n\u00eb momentet vendimtare. P\u00ebr Kosov\u00ebn shk\u00eblqeu Ramadan Alaj, i cili sh\u00ebnoi kat\u00ebr gola (19\u2019, 23\u2019, 32\u2019, 37\u2019) dhe ishte figura kryesore e takimit. Nj\u00eb gol tjet\u00ebr u realizua nga Shefki Kameri n\u00eb minut\u00ebn e 11-t\u00eb, nd\u00ebrsa Shqiprim Imeri sh\u00ebnoi n\u00eb minut\u00ebn e 28-t\u00eb. P\u00ebr Austrin\u00eb realizuan Gustavo (16\u2019, 36\u2019) dhe Alex Fl\u00f6gel (22\u2019), por pa<\/p>\n","protected":false},"author":7,"featured_media":16814,"comment_status":"open","ping_status":"open","sticky":false,"template":"","format":"standard","meta":{"rank_math_lock_modified_date":false,"slim_seo":[],"footnotes":""},"categories":[1],"tags":[],"_links":{"self":[{"href":"https:\/\/shenjester.net\/index.php\/wp-json\/wp\/v2\/posts\/16813"}],"collection":[{"href":"https:\/\/shenjester.net\/index.php\/wp-json\/wp\/v2\/posts"}],"about":[{"href":"https:\/\/shenjester.net\/index.php\/wp-json\/wp\/v2\/types\/post"}],"author":[{"embeddable":true,"href":"https:\/\/shenjester.net\/index.php\/wp-json\/wp\/v2\/users\/7"}],"replies":[{"embeddable":true,"href":"https:\/\/shenjester.net\/index.php\/wp-json\/wp\/v2\/comments?post=16813"}],"version-history":[{"count":2,"href":"https:\/\/shenjester.net\/index.php\/wp-json\/wp\/v2\/posts\/16813\/revisions"}],"predecessor-version":[{"id":16816,"href":"https:\/\/shenjester.net\/index.php\/wp-json\/wp\/v2\/posts\/16813\/revisions\/16816"}],"wp:featuredmedia":[{"embeddable":true,"href":"https:\/\/shenjester.net\/index.php\/wp-json\/wp\/v2\/media\/16814"}],"wp:attachment":[{"href":"https:\/\/shenjester.net\/index.php\/wp-json\/wp\/v2\/media?parent=16813"}],"wp:term":[{"taxonomy":"category","embeddable":true,"href":"https:\/\/shenjester.net\/index.php\/wp-json\/wp\/v2\/categories?post=16813"},{"taxonomy":"post_tag","embeddable":true,"href":"https:\/\/shenjester.net\/index.php\/wp-json\/wp\/v2\/tags?post=16813"}],"curies":[{"name":"wp","href":"https:\/\/api.w.org\/{rel}","templated":true}]}}