{"id":16775,"date":"2026-04-09T19:20:05","date_gmt":"2026-04-09T18:20:05","guid":{"rendered":"https:\/\/shenjester.net\/?p=16775"},"modified":"2026-04-09T19:20:05","modified_gmt":"2026-04-09T18:20:05","slug":"27-vjet-nga-beteja-e-koshares","status":"publish","type":"post","link":"https:\/\/shenjester.net\/index.php\/2026\/04\/09\/27-vjet-nga-beteja-e-koshares\/","title":{"rendered":"27 vjet nga Beteja e Koshares"},"content":{"rendered":"<p>Sot sh\u00ebnohen 27 vjet nga Beteja e Koshares, nj\u00eb nga p\u00ebrballjet m\u00eb t\u00eb r\u00ebnd\u00ebsishme t\u00eb Ushtris\u00eb \u00c7lirimtare t\u00eb Kosov\u00ebs gjat\u00eb luft\u00ebs p\u00ebr liri.<\/p>\n<p>M\u00eb 9 prill 1999, luft\u00ebtar\u00ebt e U\u00c7K-s\u00eb, t\u00eb udh\u00ebhequr nga Brigada 138 \u201cAgim Ramadani\u201d, thyen kufirin mes Kosov\u00ebs dhe Shqip\u00ebris\u00eb, duke hapur rrug\u00ebn p\u00ebr furnizimin me armatim dhe mb\u00ebshtetje logjistike.<\/p>\n<p>Beteja, e cila zgjati deri m\u00eb 10 qershor 1999, u zhvillua n\u00eb kushte t\u00eb v\u00ebshtira, por me vendosm\u00ebri t\u00eb jasht\u00ebzakonshme nga luft\u00ebtar\u00ebt shqiptar\u00eb. Thyerja e kufirit kishte jo vet\u00ebm r\u00ebnd\u00ebsi strategjike, por edhe simbolike, duke sh\u00ebnuar nj\u00eb hap t\u00eb madh drejt \u00e7lirimit t\u00eb Kosov\u00ebs.<\/p>\n","protected":false},"excerpt":{"rendered":"<p>Sot sh\u00ebnohen 27 vjet nga Beteja e Koshares, nj\u00eb nga p\u00ebrballjet m\u00eb t\u00eb r\u00ebnd\u00ebsishme t\u00eb Ushtris\u00eb \u00c7lirimtare t\u00eb Kosov\u00ebs gjat\u00eb luft\u00ebs p\u00ebr liri. M\u00eb 9 prill 1999, luft\u00ebtar\u00ebt e U\u00c7K-s\u00eb, t\u00eb udh\u00ebhequr nga Brigada 138 \u201cAgim Ramadani\u201d, thyen kufirin mes Kosov\u00ebs dhe Shqip\u00ebris\u00eb, duke hapur rrug\u00ebn p\u00ebr furnizimin me armatim dhe mb\u00ebshtetje logjistike. Beteja, e cila zgjati deri m\u00eb 10 qershor 1999, u zhvillua n\u00eb kushte t\u00eb v\u00ebshtira, por me vendosm\u00ebri t\u00eb jasht\u00ebzakonshme nga luft\u00ebtar\u00ebt shqiptar\u00eb. Thyerja e kufirit kishte jo vet\u00ebm r\u00ebnd\u00ebsi strategjike, por edhe simbolike, duke sh\u00ebnuar nj\u00eb hap t\u00eb madh drejt \u00e7lirimit t\u00eb Kosov\u00ebs.<\/p>\n","protected":false},"author":7,"featured_media":16776,"comment_status":"open","ping_status":"open","sticky":false,"template":"","format":"standard","meta":{"rank_math_lock_modified_date":false,"slim_seo":[],"footnotes":""},"categories":[1],"tags":[],"_links":{"self":[{"href":"https:\/\/shenjester.net\/index.php\/wp-json\/wp\/v2\/posts\/16775"}],"collection":[{"href":"https:\/\/shenjester.net\/index.php\/wp-json\/wp\/v2\/posts"}],"about":[{"href":"https:\/\/shenjester.net\/index.php\/wp-json\/wp\/v2\/types\/post"}],"author":[{"embeddable":true,"href":"https:\/\/shenjester.net\/index.php\/wp-json\/wp\/v2\/users\/7"}],"replies":[{"embeddable":true,"href":"https:\/\/shenjester.net\/index.php\/wp-json\/wp\/v2\/comments?post=16775"}],"version-history":[{"count":2,"href":"https:\/\/shenjester.net\/index.php\/wp-json\/wp\/v2\/posts\/16775\/revisions"}],"predecessor-version":[{"id":16778,"href":"https:\/\/shenjester.net\/index.php\/wp-json\/wp\/v2\/posts\/16775\/revisions\/16778"}],"wp:featuredmedia":[{"embeddable":true,"href":"https:\/\/shenjester.net\/index.php\/wp-json\/wp\/v2\/media\/16776"}],"wp:attachment":[{"href":"https:\/\/shenjester.net\/index.php\/wp-json\/wp\/v2\/media?parent=16775"}],"wp:term":[{"taxonomy":"category","embeddable":true,"href":"https:\/\/shenjester.net\/index.php\/wp-json\/wp\/v2\/categories?post=16775"},{"taxonomy":"post_tag","embeddable":true,"href":"https:\/\/shenjester.net\/index.php\/wp-json\/wp\/v2\/tags?post=16775"}],"curies":[{"name":"wp","href":"https:\/\/api.w.org\/{rel}","templated":true}]}}