{"id":16772,"date":"2026-04-09T19:17:00","date_gmt":"2026-04-09T18:17:00","guid":{"rendered":"https:\/\/shenjester.net\/?p=16772"},"modified":"2026-04-09T19:17:00","modified_gmt":"2026-04-09T18:17:00","slug":"sindikata-e-kek-ut-kritikon-qeverine-per-perjashtim-nga-paga-e-13-te","status":"publish","type":"post","link":"https:\/\/shenjester.net\/index.php\/2026\/04\/09\/sindikata-e-kek-ut-kritikon-qeverine-per-perjashtim-nga-paga-e-13-te\/","title":{"rendered":"Sindikata e KEK-ut kritikon Qeverin\u00eb p\u00ebr p\u00ebrjashtim nga paga e 13-t\u00eb"},"content":{"rendered":"<p>Nexhat Llumnica, kryetar i Sindikat\u00ebs s\u00eb Re t\u00eb Korporat\u00ebs Energjetike t\u00eb Kosov\u00ebs (KEK), e ka quajtur diskriminues vendimin e Qeveris\u00eb p\u00ebr t\u00eb mos p\u00ebrfshir\u00eb pun\u00ebtor\u00ebt e KEK-ut n\u00eb pag\u00ebn e 13-t\u00eb.<\/p>\n<p>Sipas tij, problemi q\u00ebndron te m\u00ebnyra se si institucionet e kategorizojn\u00eb KEK-un: her\u00eb e konsiderojn\u00eb sektor publik, her\u00eb nd\u00ebrmarrje publike.<\/p>\n<p><strong>\u201cKur veteran\u00ebt e U\u00c7K-s\u00eb marrin gjysm\u00eb page, thon\u00eb se jemi sektor publik, por p\u00ebr pag\u00ebn e 13-t\u00eb thon\u00eb se nuk jemi sektor publik,\u201d <\/strong><em>ka th\u00ebn\u00eb Llumnica.<\/p>\n<p>Ai shton se kjo qasje \u00ebsht\u00eb e padrejt\u00eb, pasi pun\u00ebtor\u00ebt e KEK-ut sigurojn\u00eb sh\u00ebrbime jetike si energjia dhe zhvillimi ekonomik. Llumnica thekson se pun\u00ebtor\u00ebt nuk jan\u00eb t\u00eb rregulluar me ligjin p\u00ebr<br \/>\npaga dhe k\u00ebrkesa p\u00ebr pag\u00ebn e 13-t\u00eb i \u00ebsht\u00eb drejtuar si Qeveris\u00eb, ashtu edhe menaxhmentit t\u00eb KEK-ut.<\/p>\n","protected":false},"excerpt":{"rendered":"<p>Nexhat Llumnica, kryetar i Sindikat\u00ebs s\u00eb Re t\u00eb Korporat\u00ebs Energjetike t\u00eb Kosov\u00ebs (KEK), e ka quajtur diskriminues vendimin e Qeveris\u00eb p\u00ebr t\u00eb mos p\u00ebrfshir\u00eb pun\u00ebtor\u00ebt e KEK-ut n\u00eb pag\u00ebn e 13-t\u00eb. Sipas tij, problemi q\u00ebndron te m\u00ebnyra se si institucionet e kategorizojn\u00eb KEK-un: her\u00eb e konsiderojn\u00eb sektor publik, her\u00eb nd\u00ebrmarrje publike. \u201cKur veteran\u00ebt e U\u00c7K-s\u00eb marrin gjysm\u00eb page, thon\u00eb se jemi sektor publik, por p\u00ebr pag\u00ebn e 13-t\u00eb thon\u00eb se nuk jemi sektor publik,\u201d ka th\u00ebn\u00eb Llumnica. Ai shton se kjo qasje \u00ebsht\u00eb e padrejt\u00eb, pasi pun\u00ebtor\u00ebt e KEK-ut sigurojn\u00eb sh\u00ebrbime jetike si energjia dhe zhvillimi ekonomik. Llumnica thekson se<\/p>\n","protected":false},"author":7,"featured_media":9678,"comment_status":"open","ping_status":"open","sticky":false,"template":"","format":"standard","meta":{"rank_math_lock_modified_date":false,"slim_seo":[],"footnotes":""},"categories":[1],"tags":[],"_links":{"self":[{"href":"https:\/\/shenjester.net\/index.php\/wp-json\/wp\/v2\/posts\/16772"}],"collection":[{"href":"https:\/\/shenjester.net\/index.php\/wp-json\/wp\/v2\/posts"}],"about":[{"href":"https:\/\/shenjester.net\/index.php\/wp-json\/wp\/v2\/types\/post"}],"author":[{"embeddable":true,"href":"https:\/\/shenjester.net\/index.php\/wp-json\/wp\/v2\/users\/7"}],"replies":[{"embeddable":true,"href":"https:\/\/shenjester.net\/index.php\/wp-json\/wp\/v2\/comments?post=16772"}],"version-history":[{"count":2,"href":"https:\/\/shenjester.net\/index.php\/wp-json\/wp\/v2\/posts\/16772\/revisions"}],"predecessor-version":[{"id":16774,"href":"https:\/\/shenjester.net\/index.php\/wp-json\/wp\/v2\/posts\/16772\/revisions\/16774"}],"wp:featuredmedia":[{"embeddable":true,"href":"https:\/\/shenjester.net\/index.php\/wp-json\/wp\/v2\/media\/9678"}],"wp:attachment":[{"href":"https:\/\/shenjester.net\/index.php\/wp-json\/wp\/v2\/media?parent=16772"}],"wp:term":[{"taxonomy":"category","embeddable":true,"href":"https:\/\/shenjester.net\/index.php\/wp-json\/wp\/v2\/categories?post=16772"},{"taxonomy":"post_tag","embeddable":true,"href":"https:\/\/shenjester.net\/index.php\/wp-json\/wp\/v2\/tags?post=16772"}],"curies":[{"name":"wp","href":"https:\/\/api.w.org\/{rel}","templated":true}]}}