{"id":16758,"date":"2026-04-09T18:55:03","date_gmt":"2026-04-09T17:55:03","guid":{"rendered":"https:\/\/shenjester.net\/?p=16758"},"modified":"2026-04-09T18:55:03","modified_gmt":"2026-04-09T17:55:03","slug":"de-jong-rikthehet-ne-stervitje-me-barcelonen","status":"publish","type":"post","link":"https:\/\/shenjester.net\/index.php\/2026\/04\/09\/de-jong-rikthehet-ne-stervitje-me-barcelonen\/","title":{"rendered":"De Jong rikthehet n\u00eb st\u00ebrvitje me Barcelon\u00ebn"},"content":{"rendered":"<p>Mesfushori i Barcelon\u00ebs, Frenkie de Jong, \u00ebsht\u00eb rikthyer n\u00eb st\u00ebrvitje me ekipin.<\/p>\n<p>Lojtari kishte p\u00ebsuar nj\u00eb d\u00ebmtim n\u00eb muskujt e pasm\u00eb t\u00eb kofsh\u00ebs (hamstring), konkretisht n\u00eb pjes\u00ebn distale t\u00eb muskulit biceps femoris t\u00eb k\u00ebmb\u00ebs s\u00eb djatht\u00eb, n\u00eb fund t\u00eb muajit shkurt. Raportet fillestare sugjeronin se ai mund t\u00eb mungonte p\u00ebr pes\u00eb deri n\u00eb gjasht\u00eb jav\u00eb. Ylli holandez iu bashkua st\u00ebrvitjeve t\u00eb grupit t\u00eb klubit katalanas m\u00eb 9 prill.<\/p>\n<p>Sipas Mundo Deportivo, kjo n\u00ebnkupton se De Jong mund t\u00eb luaj\u00eb n\u00eb pjes\u00ebn e dyt\u00eb t\u00eb ndeshjes s\u00eb s\u00eb shtun\u00ebs n\u00eb La Liga kund\u00ebr Espanyol-it. Ideja \u00ebsht\u00eb q\u00eb ai t\u00eb rikthej\u00eb ritmin e ndeshjeve, duke hapur rrug\u00ebn p\u00ebr nj\u00eb paraqitje t\u00eb mundshme kund\u00ebr Atl\u00e9tico Madrid-it n\u00eb ndeshjen e kthimit t\u00eb \u00e7erekfinales s\u00eb Champions League-\u00ebs t\u00eb mart\u00ebn. Katalanasit e kan\u00eb humbur ndeshjen e par\u00eb n\u00eb Barcelon\u00eb me rezultatin 2-0.<\/p>\n","protected":false},"excerpt":{"rendered":"<p>Mesfushori i Barcelon\u00ebs, Frenkie de Jong, \u00ebsht\u00eb rikthyer n\u00eb st\u00ebrvitje me ekipin. Lojtari kishte p\u00ebsuar nj\u00eb d\u00ebmtim n\u00eb muskujt e pasm\u00eb t\u00eb kofsh\u00ebs (hamstring), konkretisht n\u00eb pjes\u00ebn distale t\u00eb muskulit biceps femoris t\u00eb k\u00ebmb\u00ebs s\u00eb djatht\u00eb, n\u00eb fund t\u00eb muajit shkurt. Raportet fillestare sugjeronin se ai mund t\u00eb mungonte p\u00ebr pes\u00eb deri n\u00eb gjasht\u00eb jav\u00eb. Ylli holandez iu bashkua st\u00ebrvitjeve t\u00eb grupit t\u00eb klubit katalanas m\u00eb 9 prill. Sipas Mundo Deportivo, kjo n\u00ebnkupton se De Jong mund t\u00eb luaj\u00eb n\u00eb pjes\u00ebn e dyt\u00eb t\u00eb ndeshjes s\u00eb s\u00eb shtun\u00ebs n\u00eb La Liga kund\u00ebr Espanyol-it. Ideja \u00ebsht\u00eb q\u00eb ai t\u00eb rikthej\u00eb ritmin<\/p>\n","protected":false},"author":7,"featured_media":16759,"comment_status":"open","ping_status":"open","sticky":false,"template":"","format":"standard","meta":{"rank_math_lock_modified_date":false,"slim_seo":[],"footnotes":""},"categories":[3],"tags":[],"_links":{"self":[{"href":"https:\/\/shenjester.net\/index.php\/wp-json\/wp\/v2\/posts\/16758"}],"collection":[{"href":"https:\/\/shenjester.net\/index.php\/wp-json\/wp\/v2\/posts"}],"about":[{"href":"https:\/\/shenjester.net\/index.php\/wp-json\/wp\/v2\/types\/post"}],"author":[{"embeddable":true,"href":"https:\/\/shenjester.net\/index.php\/wp-json\/wp\/v2\/users\/7"}],"replies":[{"embeddable":true,"href":"https:\/\/shenjester.net\/index.php\/wp-json\/wp\/v2\/comments?post=16758"}],"version-history":[{"count":1,"href":"https:\/\/shenjester.net\/index.php\/wp-json\/wp\/v2\/posts\/16758\/revisions"}],"predecessor-version":[{"id":16760,"href":"https:\/\/shenjester.net\/index.php\/wp-json\/wp\/v2\/posts\/16758\/revisions\/16760"}],"wp:featuredmedia":[{"embeddable":true,"href":"https:\/\/shenjester.net\/index.php\/wp-json\/wp\/v2\/media\/16759"}],"wp:attachment":[{"href":"https:\/\/shenjester.net\/index.php\/wp-json\/wp\/v2\/media?parent=16758"}],"wp:term":[{"taxonomy":"category","embeddable":true,"href":"https:\/\/shenjester.net\/index.php\/wp-json\/wp\/v2\/categories?post=16758"},{"taxonomy":"post_tag","embeddable":true,"href":"https:\/\/shenjester.net\/index.php\/wp-json\/wp\/v2\/tags?post=16758"}],"curies":[{"name":"wp","href":"https:\/\/api.w.org\/{rel}","templated":true}]}}