{"id":16691,"date":"2026-03-31T13:13:04","date_gmt":"2026-03-31T12:13:04","guid":{"rendered":"https:\/\/shenjester.net\/?p=16691"},"modified":"2026-03-31T13:13:04","modified_gmt":"2026-03-31T12:13:04","slug":"prishtina-mirepret-tifozet-turq-me-kafe-falas-para-ndeshjes-vendimtare","status":"publish","type":"post","link":"https:\/\/shenjester.net\/index.php\/2026\/03\/31\/prishtina-mirepret-tifozet-turq-me-kafe-falas-para-ndeshjes-vendimtare\/","title":{"rendered":"Prishtina mir\u00ebpret tifoz\u00ebt turq me kafe falas para ndeshjes vendimtare"},"content":{"rendered":"<p>Nj\u00eb kafene n\u00eb qend\u00ebr t\u00eb Prishtin\u00ebs ka ofruar kafe dhe \u00e7aj falas p\u00ebr tifoz\u00ebt turq, n\u00eb nj\u00eb gjest mir\u00ebnjohjeje p\u00ebr ndihm\u00ebn e dh\u00ebn\u00eb ndaj Kosov\u00ebs n\u00eb vitin 1999, n\u00eb prag t\u00eb ndeshjes historike mes Kosov\u00ebs dhe Turqis\u00eb.<\/p>\n<p>\u201cSot rival\u00eb, por gjithmon\u00eb miq. Kafe e \u00e7aj falas p\u00ebr t\u00eb gjith\u00eb tifoz\u00ebt turq. Ju e keni paguar m\u00eb 1999 \u2013 sot nuk keni asnj\u00eb borxh. Faleminderit\u201d, thuhet n\u00eb mesazhin e vendosur n\u00eb shesh.<\/p>\n<p>Nd\u00ebrkoh\u00eb, kan\u00eb mbetur m\u00eb pak se tet\u00eb or\u00eb deri n\u00eb nisjen e p\u00ebrballjes n\u00eb stadiumin \u201cFadil Vokrri\u201d.<\/p>\n<p>\u201cDardan\u00ebt\u201d p\u00ebrballen me Turqin\u00eb n\u00eb nj\u00eb ndeshje vendimtare, ku fituesi siguron kualifikimin n\u00eb Kampionatin Bot\u00ebror.<\/p>\n<p>Qyteti \u00ebsht\u00eb gjall\u00ebruar nga tifoz\u00ebt, t\u00eb shoq\u00ebruar nga tingujt e tupanit, nd\u00ebrsa sheshi \u00ebsht\u00eb mbushur me shit\u00ebs shalesh dhe fanellash t\u00eb t\u00eb dyja komb\u00ebtareve<\/p>\n<p>Prishtina po jeton nj\u00eb atmosfer\u00eb t\u00eb rrall\u00eb sportive, me shpres\u00ebn se kjo mbr\u00ebmje mund t\u00eb sjell\u00eb nj\u00eb kapitull historik p\u00ebr futbollin kosovar.<\/p>\n","protected":false},"excerpt":{"rendered":"<p>Nj\u00eb kafene n\u00eb qend\u00ebr t\u00eb Prishtin\u00ebs ka ofruar kafe dhe \u00e7aj falas p\u00ebr tifoz\u00ebt turq, n\u00eb nj\u00eb gjest mir\u00ebnjohjeje p\u00ebr ndihm\u00ebn e dh\u00ebn\u00eb ndaj Kosov\u00ebs n\u00eb vitin 1999, n\u00eb prag t\u00eb ndeshjes historike mes Kosov\u00ebs dhe Turqis\u00eb. \u201cSot rival\u00eb, por gjithmon\u00eb miq. Kafe e \u00e7aj falas p\u00ebr t\u00eb gjith\u00eb tifoz\u00ebt turq. Ju e keni paguar m\u00eb 1999 \u2013 sot nuk keni asnj\u00eb borxh. Faleminderit\u201d, thuhet n\u00eb mesazhin e vendosur n\u00eb shesh. Nd\u00ebrkoh\u00eb, kan\u00eb mbetur m\u00eb pak se tet\u00eb or\u00eb deri n\u00eb nisjen e p\u00ebrballjes n\u00eb stadiumin \u201cFadil Vokrri\u201d. \u201cDardan\u00ebt\u201d p\u00ebrballen me Turqin\u00eb n\u00eb nj\u00eb ndeshje vendimtare, ku fituesi siguron kualifikimin<\/p>\n","protected":false},"author":5,"featured_media":16692,"comment_status":"open","ping_status":"open","sticky":false,"template":"","format":"standard","meta":{"rank_math_lock_modified_date":false,"slim_seo":[],"footnotes":""},"categories":[1],"tags":[63],"_links":{"self":[{"href":"https:\/\/shenjester.net\/index.php\/wp-json\/wp\/v2\/posts\/16691"}],"collection":[{"href":"https:\/\/shenjester.net\/index.php\/wp-json\/wp\/v2\/posts"}],"about":[{"href":"https:\/\/shenjester.net\/index.php\/wp-json\/wp\/v2\/types\/post"}],"author":[{"embeddable":true,"href":"https:\/\/shenjester.net\/index.php\/wp-json\/wp\/v2\/users\/5"}],"replies":[{"embeddable":true,"href":"https:\/\/shenjester.net\/index.php\/wp-json\/wp\/v2\/comments?post=16691"}],"version-history":[{"count":1,"href":"https:\/\/shenjester.net\/index.php\/wp-json\/wp\/v2\/posts\/16691\/revisions"}],"predecessor-version":[{"id":16693,"href":"https:\/\/shenjester.net\/index.php\/wp-json\/wp\/v2\/posts\/16691\/revisions\/16693"}],"wp:featuredmedia":[{"embeddable":true,"href":"https:\/\/shenjester.net\/index.php\/wp-json\/wp\/v2\/media\/16692"}],"wp:attachment":[{"href":"https:\/\/shenjester.net\/index.php\/wp-json\/wp\/v2\/media?parent=16691"}],"wp:term":[{"taxonomy":"category","embeddable":true,"href":"https:\/\/shenjester.net\/index.php\/wp-json\/wp\/v2\/categories?post=16691"},{"taxonomy":"post_tag","embeddable":true,"href":"https:\/\/shenjester.net\/index.php\/wp-json\/wp\/v2\/tags?post=16691"}],"curies":[{"name":"wp","href":"https:\/\/api.w.org\/{rel}","templated":true}]}}