{"id":16475,"date":"2026-03-16T17:04:41","date_gmt":"2026-03-16T16:04:41","guid":{"rendered":"https:\/\/shenjester.net\/?p=16475"},"modified":"2026-03-16T17:06:20","modified_gmt":"2026-03-16T16:06:20","slug":"ngushtica-e-hormuzit-gjermania-favorizon-sanksione-jo-nderhyrje-ushtarake","status":"publish","type":"post","link":"https:\/\/shenjester.net\/index.php\/2026\/03\/16\/ngushtica-e-hormuzit-gjermania-favorizon-sanksione-jo-nderhyrje-ushtarake\/","title":{"rendered":"Ngushtica e Hormuzit: Gjermania favorizon sanksione, jo nd\u00ebrhyrje ushtarake"},"content":{"rendered":"<p>Deputeti dhe eksperti i politik\u00ebs s\u00eb jashtme gjermane, Johann Wadephul, ka deklaruar t\u00eb h\u00ebn\u00ebn se NATO-ja nuk duhet t\u00eb marr\u00eb p\u00ebrgjegj\u00ebsi p\u00ebr sigurimin e Ngushtic\u00ebs s\u00eb Hormuzit.<\/p>\n<p>Deklarata vjen pas paralajm\u00ebrimit t\u00eb presidentit amerikan, Donald Trump, i cili tha se aleanca veriatlantike mund t\u00eb p\u00ebrballet me nj\u00eb t\u00eb ardhme \u201cshum\u00eb t\u00eb keqe\u201d n\u00ebse nuk ofron ndihm\u00eb n\u00eb k\u00ebt\u00eb rajon.<\/p>\n<p>Wadephul theksoi se Gjermania preferon vendosjen e sanksioneve ndaj p\u00ebrgjegj\u00ebsve p\u00ebr bllokimin e kalimit detar, duke n\u00ebnvizuar se barra e siguris\u00eb n\u00eb at\u00eb zon\u00eb nuk duhet t\u00eb bjer\u00eb mbi supet e NATO-s.<\/p>\n","protected":false},"excerpt":{"rendered":"<p>Deputeti dhe eksperti i politik\u00ebs s\u00eb jashtme gjermane, Johann Wadephul, ka deklaruar t\u00eb h\u00ebn\u00ebn se NATO-ja nuk duhet t\u00eb marr\u00eb p\u00ebrgjegj\u00ebsi p\u00ebr sigurimin e Ngushtic\u00ebs s\u00eb Hormuzit. Deklarata vjen pas paralajm\u00ebrimit t\u00eb presidentit amerikan, Donald Trump, i cili tha se aleanca veriatlantike mund t\u00eb p\u00ebrballet me nj\u00eb t\u00eb ardhme \u201cshum\u00eb t\u00eb keqe\u201d n\u00ebse nuk ofron ndihm\u00eb n\u00eb k\u00ebt\u00eb rajon. Wadephul theksoi se Gjermania preferon vendosjen e sanksioneve ndaj p\u00ebrgjegj\u00ebsve p\u00ebr bllokimin e kalimit detar, duke n\u00ebnvizuar se barra e siguris\u00eb n\u00eb at\u00eb zon\u00eb nuk duhet t\u00eb bjer\u00eb mbi supet e NATO-s.<\/p>\n","protected":false},"author":7,"featured_media":16478,"comment_status":"open","ping_status":"open","sticky":false,"template":"","format":"standard","meta":{"rank_math_lock_modified_date":false,"slim_seo":[],"footnotes":""},"categories":[1],"tags":[],"_links":{"self":[{"href":"https:\/\/shenjester.net\/index.php\/wp-json\/wp\/v2\/posts\/16475"}],"collection":[{"href":"https:\/\/shenjester.net\/index.php\/wp-json\/wp\/v2\/posts"}],"about":[{"href":"https:\/\/shenjester.net\/index.php\/wp-json\/wp\/v2\/types\/post"}],"author":[{"embeddable":true,"href":"https:\/\/shenjester.net\/index.php\/wp-json\/wp\/v2\/users\/7"}],"replies":[{"embeddable":true,"href":"https:\/\/shenjester.net\/index.php\/wp-json\/wp\/v2\/comments?post=16475"}],"version-history":[{"count":2,"href":"https:\/\/shenjester.net\/index.php\/wp-json\/wp\/v2\/posts\/16475\/revisions"}],"predecessor-version":[{"id":16477,"href":"https:\/\/shenjester.net\/index.php\/wp-json\/wp\/v2\/posts\/16475\/revisions\/16477"}],"wp:featuredmedia":[{"embeddable":true,"href":"https:\/\/shenjester.net\/index.php\/wp-json\/wp\/v2\/media\/16478"}],"wp:attachment":[{"href":"https:\/\/shenjester.net\/index.php\/wp-json\/wp\/v2\/media?parent=16475"}],"wp:term":[{"taxonomy":"category","embeddable":true,"href":"https:\/\/shenjester.net\/index.php\/wp-json\/wp\/v2\/categories?post=16475"},{"taxonomy":"post_tag","embeddable":true,"href":"https:\/\/shenjester.net\/index.php\/wp-json\/wp\/v2\/tags?post=16475"}],"curies":[{"name":"wp","href":"https:\/\/api.w.org\/{rel}","templated":true}]}}