{"id":16448,"date":"2026-03-16T16:32:17","date_gmt":"2026-03-16T15:32:17","guid":{"rendered":"https:\/\/shenjester.net\/?p=16448"},"modified":"2026-03-16T16:32:17","modified_gmt":"2026-03-16T15:32:17","slug":"zyrtare-hansi-flick-rinovon-me-barcelonen-deri-ne-vitin-2028","status":"publish","type":"post","link":"https:\/\/shenjester.net\/index.php\/2026\/03\/16\/zyrtare-hansi-flick-rinovon-me-barcelonen-deri-ne-vitin-2028\/","title":{"rendered":"Zyrtare: Hansi Flick rinovon me Barcelon\u00ebn deri n\u00eb vitin 2028"},"content":{"rendered":"<p>FC Barcelona dhe trajneri i saj, Hansi Flick, kan\u00eb arritur marr\u00ebveshje p\u00ebr vazhdimin e kontrat\u00ebs. Marr\u00ebveshja e re me trajnerin gjerman 61-vje\u00e7ar do t\u00eb zgjas\u00eb deri n\u00eb vitin 2028, raporton Diario Sport.<\/p>\n<p>Negociatat, t\u00eb udh\u00ebhequra nga drejtori sportiv i klubit, Deco, kishin nisur q\u00eb n\u00eb fund t\u00eb vitit t\u00eb kaluar. Megjithat\u00eb, vendimi i Flick-ut p\u00ebr t\u00eb vazhduar kontrat\u00ebn ishte i kusht\u00ebzuar me rizgjedhjen e Joan Laportas si president i Barcelon\u00ebs. Laporta fitoi votimin e djesh\u00ebm, duke marr\u00eb 68% t\u00eb votave.<\/p>\n<p>Njoftimi zyrtar p\u00ebr vazhdimin e kontrat\u00ebs s\u00eb Flick-ut pritet t\u00eb b\u00ebhet s\u00eb shpejti. N\u00eb ver\u00ebn e vitit 2028, kur edhe skadon kontrata e re, pritet q\u00eb trajneri gjerman t\u00eb largohet nga posti i trajnerit t\u00eb Barcelon\u00ebs.<\/p>\n<p>Kujtojm\u00eb se Flick-u \u00ebsht\u00eb n\u00eb krye t\u00eb Barcelon\u00ebs q\u00eb nga viti 2024. N\u00ebn drejtimin e tij, \u201cBlaugranat\u201d kan\u00eb fituar La Lig\u00ebn, Copa del Rey dhe dy her\u00eb Supercopa de Espa\u00f1a.<\/p>\n","protected":false},"excerpt":{"rendered":"<p>FC Barcelona dhe trajneri i saj, Hansi Flick, kan\u00eb arritur marr\u00ebveshje p\u00ebr vazhdimin e kontrat\u00ebs. Marr\u00ebveshja e re me trajnerin gjerman 61-vje\u00e7ar do t\u00eb zgjas\u00eb deri n\u00eb vitin 2028, raporton Diario Sport. Negociatat, t\u00eb udh\u00ebhequra nga drejtori sportiv i klubit, Deco, kishin nisur q\u00eb n\u00eb fund t\u00eb vitit t\u00eb kaluar. Megjithat\u00eb, vendimi i Flick-ut p\u00ebr t\u00eb vazhduar kontrat\u00ebn ishte i kusht\u00ebzuar me rizgjedhjen e Joan Laportas si president i Barcelon\u00ebs. Laporta fitoi votimin e djesh\u00ebm, duke marr\u00eb 68% t\u00eb votave. Njoftimi zyrtar p\u00ebr vazhdimin e kontrat\u00ebs s\u00eb Flick-ut pritet t\u00eb b\u00ebhet s\u00eb shpejti. N\u00eb ver\u00ebn e vitit 2028, kur edhe<\/p>\n","protected":false},"author":7,"featured_media":16449,"comment_status":"open","ping_status":"open","sticky":false,"template":"","format":"standard","meta":{"rank_math_lock_modified_date":false,"slim_seo":[],"footnotes":""},"categories":[3],"tags":[],"_links":{"self":[{"href":"https:\/\/shenjester.net\/index.php\/wp-json\/wp\/v2\/posts\/16448"}],"collection":[{"href":"https:\/\/shenjester.net\/index.php\/wp-json\/wp\/v2\/posts"}],"about":[{"href":"https:\/\/shenjester.net\/index.php\/wp-json\/wp\/v2\/types\/post"}],"author":[{"embeddable":true,"href":"https:\/\/shenjester.net\/index.php\/wp-json\/wp\/v2\/users\/7"}],"replies":[{"embeddable":true,"href":"https:\/\/shenjester.net\/index.php\/wp-json\/wp\/v2\/comments?post=16448"}],"version-history":[{"count":1,"href":"https:\/\/shenjester.net\/index.php\/wp-json\/wp\/v2\/posts\/16448\/revisions"}],"predecessor-version":[{"id":16450,"href":"https:\/\/shenjester.net\/index.php\/wp-json\/wp\/v2\/posts\/16448\/revisions\/16450"}],"wp:featuredmedia":[{"embeddable":true,"href":"https:\/\/shenjester.net\/index.php\/wp-json\/wp\/v2\/media\/16449"}],"wp:attachment":[{"href":"https:\/\/shenjester.net\/index.php\/wp-json\/wp\/v2\/media?parent=16448"}],"wp:term":[{"taxonomy":"category","embeddable":true,"href":"https:\/\/shenjester.net\/index.php\/wp-json\/wp\/v2\/categories?post=16448"},{"taxonomy":"post_tag","embeddable":true,"href":"https:\/\/shenjester.net\/index.php\/wp-json\/wp\/v2\/tags?post=16448"}],"curies":[{"name":"wp","href":"https:\/\/api.w.org\/{rel}","templated":true}]}}