{"id":16431,"date":"2026-03-15T17:19:19","date_gmt":"2026-03-15T16:19:19","guid":{"rendered":"https:\/\/shenjester.net\/?p=16431"},"modified":"2026-03-15T17:20:26","modified_gmt":"2026-03-15T16:20:26","slug":"argjentina-dhe-spanja-nuk-do-te-perballen-me-27-mars-ne-katar","status":"publish","type":"post","link":"https:\/\/shenjester.net\/index.php\/2026\/03\/15\/argjentina-dhe-spanja-nuk-do-te-perballen-me-27-mars-ne-katar\/","title":{"rendered":"Argjentina dhe Spanja nuk do t\u00eb p\u00ebrballen m\u00eb 27 mars n\u00eb Katar"},"content":{"rendered":"<p>Sipas gazetarit Fabrizio Romano, t\u00eb gjith\u00eb lojtar\u00ebt e p\u00ebrfaq\u00ebsueseve t\u00eb Spanj\u00ebs dhe Argjentin\u00ebs, p\u00ebrfshir\u00eb edhe Lionel Messin, ishin gati p\u00ebr t\u00eb marr\u00eb pjes\u00eb n\u00eb Finalissima.<\/p>\n<p>Megjithat\u00eb, m\u00eb her\u00ebt ishte raportuar se ndeshja e Finalissimas mes Argjentin\u00ebs dhe Spanj\u00ebs ishte anuluar p\u00ebr shkak t\u00eb konfliktit t\u00eb vazhduesh\u00ebm n\u00eb Lindjen e Mesme, pasi organizator\u00ebt nuk ishin n\u00eb gjendje t\u00eb vendosnin nj\u00eb vend p\u00ebr zhvillimin e saj.<\/p>\n<p>Duhet t\u00eb kujtohet se p\u00ebrballja midis kampion\u00ebve evropian\u00eb dhe atyre t\u00eb Amerik\u00ebs s\u00eb Jugut ishte parashikuar t\u00eb zhvillohej m\u00eb 27 mars n\u00eb Katar.<\/p>\n","protected":false},"excerpt":{"rendered":"<p>Sipas gazetarit Fabrizio Romano, t\u00eb gjith\u00eb lojtar\u00ebt e p\u00ebrfaq\u00ebsueseve t\u00eb Spanj\u00ebs dhe Argjentin\u00ebs, p\u00ebrfshir\u00eb edhe Lionel Messin, ishin gati p\u00ebr t\u00eb marr\u00eb pjes\u00eb n\u00eb Finalissima. Megjithat\u00eb, m\u00eb her\u00ebt ishte raportuar se ndeshja e Finalissimas mes Argjentin\u00ebs dhe Spanj\u00ebs ishte anuluar p\u00ebr shkak t\u00eb konfliktit t\u00eb vazhduesh\u00ebm n\u00eb Lindjen e Mesme, pasi organizator\u00ebt nuk ishin n\u00eb gjendje t\u00eb vendosnin nj\u00eb vend p\u00ebr zhvillimin e saj. Duhet t\u00eb kujtohet se p\u00ebrballja midis kampion\u00ebve evropian\u00eb dhe atyre t\u00eb Amerik\u00ebs s\u00eb Jugut ishte parashikuar t\u00eb zhvillohej m\u00eb 27 mars n\u00eb Katar.<\/p>\n","protected":false},"author":7,"featured_media":16434,"comment_status":"open","ping_status":"open","sticky":false,"template":"","format":"standard","meta":{"rank_math_lock_modified_date":false,"slim_seo":[],"footnotes":""},"categories":[3],"tags":[],"_links":{"self":[{"href":"https:\/\/shenjester.net\/index.php\/wp-json\/wp\/v2\/posts\/16431"}],"collection":[{"href":"https:\/\/shenjester.net\/index.php\/wp-json\/wp\/v2\/posts"}],"about":[{"href":"https:\/\/shenjester.net\/index.php\/wp-json\/wp\/v2\/types\/post"}],"author":[{"embeddable":true,"href":"https:\/\/shenjester.net\/index.php\/wp-json\/wp\/v2\/users\/7"}],"replies":[{"embeddable":true,"href":"https:\/\/shenjester.net\/index.php\/wp-json\/wp\/v2\/comments?post=16431"}],"version-history":[{"count":1,"href":"https:\/\/shenjester.net\/index.php\/wp-json\/wp\/v2\/posts\/16431\/revisions"}],"predecessor-version":[{"id":16432,"href":"https:\/\/shenjester.net\/index.php\/wp-json\/wp\/v2\/posts\/16431\/revisions\/16432"}],"wp:featuredmedia":[{"embeddable":true,"href":"https:\/\/shenjester.net\/index.php\/wp-json\/wp\/v2\/media\/16434"}],"wp:attachment":[{"href":"https:\/\/shenjester.net\/index.php\/wp-json\/wp\/v2\/media?parent=16431"}],"wp:term":[{"taxonomy":"category","embeddable":true,"href":"https:\/\/shenjester.net\/index.php\/wp-json\/wp\/v2\/categories?post=16431"},{"taxonomy":"post_tag","embeddable":true,"href":"https:\/\/shenjester.net\/index.php\/wp-json\/wp\/v2\/tags?post=16431"}],"curies":[{"name":"wp","href":"https:\/\/api.w.org\/{rel}","templated":true}]}}