{"id":16418,"date":"2026-03-15T15:01:13","date_gmt":"2026-03-15T14:01:13","guid":{"rendered":"https:\/\/shenjester.net\/?p=16418"},"modified":"2026-03-15T15:01:13","modified_gmt":"2026-03-15T14:01:13","slug":"arrestohet-nje-person-ne-mitrovice-goditi-me-veture-dy-police-per-ti-ikur-terminalit-doganor","status":"publish","type":"post","link":"https:\/\/shenjester.net\/index.php\/2026\/03\/15\/arrestohet-nje-person-ne-mitrovice-goditi-me-veture-dy-police-per-ti-ikur-terminalit-doganor\/","title":{"rendered":"Arrestohet nj\u00eb person n\u00eb Mitrovic\u00eb, goditi me vetur\u00eb dy polic\u00eb p\u00ebr t&#8217;i ikur terminalit doganor"},"content":{"rendered":"<p>Nj\u00eb person \u00ebsht\u00eb arrestuar n\u00eb Mitrovic\u00eb n\u00ebn dyshimin p\u00ebr sulm ndaj personit zyrtar, pasi dyshohet se me vetur\u00eb ka goditur dy zyrtar\u00eb policor\u00eb. <\/p>\n<p>Sipas njoftimit t\u00eb Policis\u00eb s\u00eb Kosov\u00ebs, rasti ka ndodhur t\u00eb shtun\u00ebn, n\u00eb rrug\u00ebn \u201cShala e Bajgor\u00ebs\u201d.<\/p>\n<p>Policia b\u00ebn t\u00eb ditur se i dyshuari, mashkull kosovar, nuk ka zbatuar urdhrat e zyrtar\u00ebve policor\u00eb n\u00eb hyrje t\u00eb terminalit doganor dhe ka vazhduar l\u00ebvizjen me vetur\u00eb n\u00eb drejtim t\u00eb Prishtin\u00ebs. Gjat\u00eb l\u00ebvizjes, ai ka goditur dhe l\u00ebnduar dy zyrtar\u00eb policor\u00eb, t\u00eb cil\u00ebt si pasoj\u00eb kan\u00eb pranuar trajtim mjek\u00ebsor.<\/p>\n<p>Sipas policis\u00eb, i dyshuari ishte ndaluar fillimisht pasi n\u00eb automjetin e tij me targa vendore ishte gjetur mall duhani i kontrabanduar, nd\u00ebrsa ishte urdh\u00ebruar t\u00eb d\u00ebrgohej n\u00eb terminalin doganor. <\/p>\n<p>Me vendim t\u00eb prokurorit, i dyshuari \u00ebsht\u00eb d\u00ebrguar n\u00eb mbajtje, nd\u00ebrsa rasti \u00ebsht\u00eb duke u trajtuar nga organet kompetente.<\/p>\n","protected":false},"excerpt":{"rendered":"<p>Nj\u00eb person \u00ebsht\u00eb arrestuar n\u00eb Mitrovic\u00eb n\u00ebn dyshimin p\u00ebr sulm ndaj personit zyrtar, pasi dyshohet se me vetur\u00eb ka goditur dy zyrtar\u00eb policor\u00eb. Sipas njoftimit t\u00eb Policis\u00eb s\u00eb Kosov\u00ebs, rasti ka ndodhur t\u00eb shtun\u00ebn, n\u00eb rrug\u00ebn \u201cShala e Bajgor\u00ebs\u201d. Policia b\u00ebn t\u00eb ditur se i dyshuari, mashkull kosovar, nuk ka zbatuar urdhrat e zyrtar\u00ebve policor\u00eb n\u00eb hyrje t\u00eb terminalit doganor dhe ka vazhduar l\u00ebvizjen me vetur\u00eb n\u00eb drejtim t\u00eb Prishtin\u00ebs. Gjat\u00eb l\u00ebvizjes, ai ka goditur dhe l\u00ebnduar dy zyrtar\u00eb policor\u00eb, t\u00eb cil\u00ebt si pasoj\u00eb kan\u00eb pranuar trajtim mjek\u00ebsor. Sipas policis\u00eb, i dyshuari ishte ndaluar fillimisht pasi n\u00eb automjetin e tij<\/p>\n","protected":false},"author":7,"featured_media":6046,"comment_status":"open","ping_status":"open","sticky":false,"template":"","format":"standard","meta":{"rank_math_lock_modified_date":false,"slim_seo":[],"footnotes":""},"categories":[1],"tags":[],"_links":{"self":[{"href":"https:\/\/shenjester.net\/index.php\/wp-json\/wp\/v2\/posts\/16418"}],"collection":[{"href":"https:\/\/shenjester.net\/index.php\/wp-json\/wp\/v2\/posts"}],"about":[{"href":"https:\/\/shenjester.net\/index.php\/wp-json\/wp\/v2\/types\/post"}],"author":[{"embeddable":true,"href":"https:\/\/shenjester.net\/index.php\/wp-json\/wp\/v2\/users\/7"}],"replies":[{"embeddable":true,"href":"https:\/\/shenjester.net\/index.php\/wp-json\/wp\/v2\/comments?post=16418"}],"version-history":[{"count":2,"href":"https:\/\/shenjester.net\/index.php\/wp-json\/wp\/v2\/posts\/16418\/revisions"}],"predecessor-version":[{"id":16420,"href":"https:\/\/shenjester.net\/index.php\/wp-json\/wp\/v2\/posts\/16418\/revisions\/16420"}],"wp:featuredmedia":[{"embeddable":true,"href":"https:\/\/shenjester.net\/index.php\/wp-json\/wp\/v2\/media\/6046"}],"wp:attachment":[{"href":"https:\/\/shenjester.net\/index.php\/wp-json\/wp\/v2\/media?parent=16418"}],"wp:term":[{"taxonomy":"category","embeddable":true,"href":"https:\/\/shenjester.net\/index.php\/wp-json\/wp\/v2\/categories?post=16418"},{"taxonomy":"post_tag","embeddable":true,"href":"https:\/\/shenjester.net\/index.php\/wp-json\/wp\/v2\/tags?post=16418"}],"curies":[{"name":"wp","href":"https:\/\/api.w.org\/{rel}","templated":true}]}}