{"id":16415,"date":"2026-03-15T14:56:55","date_gmt":"2026-03-15T13:56:55","guid":{"rendered":"https:\/\/shenjester.net\/?p=16415"},"modified":"2026-03-15T14:56:55","modified_gmt":"2026-03-15T13:56:55","slug":"statusi-i-gjuhes-shqipe-ne-maqedonine-e-veriut-pendarovski-flet-per-sfidat-dhe-zbatimin-praktik","status":"publish","type":"post","link":"https:\/\/shenjester.net\/index.php\/2026\/03\/15\/statusi-i-gjuhes-shqipe-ne-maqedonine-e-veriut-pendarovski-flet-per-sfidat-dhe-zbatimin-praktik\/","title":{"rendered":"Statusi i gjuh\u00ebs shqipe n\u00eb Maqedonin\u00eb e Veriut: Pendarovski flet p\u00ebr sfidat dhe zbatimin praktik"},"content":{"rendered":"<p>Ish-presidenti i Maqedonis\u00eb s\u00eb Veriut, Stevo Pendarovski, ka folur p\u00ebr statusin e gjuh\u00ebs shqipe dhe sfidat q\u00eb lidhen me zbatimin e saj n\u00eb praktik\u00eb.<\/p>\n<p>N\u00eb nj\u00eb intervist\u00eb, ai tha se gjuha shqipe \u00ebsht\u00eb gjuh\u00eb zyrtare n\u00eb vend p\u00ebr shkak se shqiptar\u00ebt p\u00ebrb\u00ebjn\u00eb mbi 20 p\u00ebr qind t\u00eb popullsis\u00eb, nd\u00ebrsa p\u00ebrdorimi i saj rregullohet me Ligjin p\u00ebr Gjuh\u00ebt, i cili \u00ebsht\u00eb ndryshuar disa her\u00eb p\u00ebr t\u00eb p\u00ebrmir\u00ebsuar t\u00eb drejtat e komunitetit shqiptar.<\/p>\n<p>Megjithat\u00eb, Pendarovski paralajm\u00ebroi se ky ligj mund t\u00eb p\u00ebrballet me nj\u00eb sfid\u00eb serioze ligjore. Sipas tij, nj\u00eb qytetar i panjohur p\u00ebr publikun ka dor\u00ebzuar nj\u00eb mocion n\u00eb Gjykat\u00ebn Kushtetuese t\u00eb Maqedonis\u00eb s\u00eb Veriut, duke k\u00ebrkuar q\u00eb Ligji p\u00ebr Gjuh\u00ebt t\u00eb shpallet jokushtetues dhe t\u00eb shfuqizohet.<\/p>\n<p><strong>\u201c\u00cbsht\u00eb zyrtare p\u00ebr shkak t\u00eb 20% t\u00eb njer\u00ebzve q\u00eb jetojn\u00eb n\u00eb k\u00ebt\u00eb vend. Ne kemi ndryshuar k\u00ebt\u00eb ligj disa her\u00eb duke p\u00ebrmir\u00ebsuar t\u00eb drejtat e shqiptar\u00ebve. Por tani nj\u00eb qytetar ka paraqitur mocion n\u00eb Gjykat\u00ebn Kushtetuese duke k\u00ebrkuar asgj\u00ebsimin e k\u00ebtij ligji. Gjykata tashm\u00eb ka planifikuar nj\u00eb seanc\u00eb dhe do t\u00eb jet\u00eb problem i madh n\u00ebse ky ligj shfuqizohet\u201d,<\/strong><em> deklaroi ai, transmeton Top Channel.<\/p>\n<p>Pendarovski theksoi se nj\u00eb tjet\u00ebr problem mbetet zbatimi praktik i ligjit, ve\u00e7an\u00ebrisht n\u00eb institucione dhe n\u00eb sistemin gjyq\u00ebsor. Sipas tij, edhe pse shqiptar\u00ebt kan\u00eb t\u00eb drejt\u00eb ta p\u00ebrdorin gjuh\u00ebn shqipe, n\u00eb shum\u00eb raste kjo e drejt\u00eb nuk zbatohet plot\u00ebsisht n\u00eb institucionet shtet\u00ebrore dhe n\u00eb gjykata.<\/p>\n<p>Ai shtoi se miratimi i ligjit nuk duhet t\u00eb p\u00ebrdoret vet\u00ebm si propagand\u00eb politike nga partit\u00eb, por duhet t\u00eb sigurohet q\u00eb t\u00eb drejtat e garantuara me ligj t\u00eb zbatohen realisht n\u00eb jet\u00ebn e p\u00ebrditshme t\u00eb qytetar\u00ebve shqiptar\u00eb n\u00eb vend.<\/p>\n","protected":false},"excerpt":{"rendered":"<p>Ish-presidenti i Maqedonis\u00eb s\u00eb Veriut, Stevo Pendarovski, ka folur p\u00ebr statusin e gjuh\u00ebs shqipe dhe sfidat q\u00eb lidhen me zbatimin e saj n\u00eb praktik\u00eb. N\u00eb nj\u00eb intervist\u00eb, ai tha se gjuha shqipe \u00ebsht\u00eb gjuh\u00eb zyrtare n\u00eb vend p\u00ebr shkak se shqiptar\u00ebt p\u00ebrb\u00ebjn\u00eb mbi 20 p\u00ebr qind t\u00eb popullsis\u00eb, nd\u00ebrsa p\u00ebrdorimi i saj rregullohet me Ligjin p\u00ebr Gjuh\u00ebt, i cili \u00ebsht\u00eb ndryshuar disa her\u00eb p\u00ebr t\u00eb p\u00ebrmir\u00ebsuar t\u00eb drejtat e komunitetit shqiptar. Megjithat\u00eb, Pendarovski paralajm\u00ebroi se ky ligj mund t\u00eb p\u00ebrballet me nj\u00eb sfid\u00eb serioze ligjore. Sipas tij, nj\u00eb qytetar i panjohur p\u00ebr publikun ka dor\u00ebzuar nj\u00eb mocion n\u00eb Gjykat\u00ebn Kushtetuese<\/p>\n","protected":false},"author":7,"featured_media":16416,"comment_status":"open","ping_status":"open","sticky":false,"template":"","format":"standard","meta":{"rank_math_lock_modified_date":false,"slim_seo":[],"footnotes":""},"categories":[1],"tags":[63],"_links":{"self":[{"href":"https:\/\/shenjester.net\/index.php\/wp-json\/wp\/v2\/posts\/16415"}],"collection":[{"href":"https:\/\/shenjester.net\/index.php\/wp-json\/wp\/v2\/posts"}],"about":[{"href":"https:\/\/shenjester.net\/index.php\/wp-json\/wp\/v2\/types\/post"}],"author":[{"embeddable":true,"href":"https:\/\/shenjester.net\/index.php\/wp-json\/wp\/v2\/users\/7"}],"replies":[{"embeddable":true,"href":"https:\/\/shenjester.net\/index.php\/wp-json\/wp\/v2\/comments?post=16415"}],"version-history":[{"count":1,"href":"https:\/\/shenjester.net\/index.php\/wp-json\/wp\/v2\/posts\/16415\/revisions"}],"predecessor-version":[{"id":16417,"href":"https:\/\/shenjester.net\/index.php\/wp-json\/wp\/v2\/posts\/16415\/revisions\/16417"}],"wp:featuredmedia":[{"embeddable":true,"href":"https:\/\/shenjester.net\/index.php\/wp-json\/wp\/v2\/media\/16416"}],"wp:attachment":[{"href":"https:\/\/shenjester.net\/index.php\/wp-json\/wp\/v2\/media?parent=16415"}],"wp:term":[{"taxonomy":"category","embeddable":true,"href":"https:\/\/shenjester.net\/index.php\/wp-json\/wp\/v2\/categories?post=16415"},{"taxonomy":"post_tag","embeddable":true,"href":"https:\/\/shenjester.net\/index.php\/wp-json\/wp\/v2\/tags?post=16415"}],"curies":[{"name":"wp","href":"https:\/\/api.w.org\/{rel}","templated":true}]}}