{"id":16406,"date":"2026-03-15T14:48:32","date_gmt":"2026-03-15T13:48:32","guid":{"rendered":"https:\/\/shenjester.net\/?p=16406"},"modified":"2026-03-15T14:48:32","modified_gmt":"2026-03-15T13:48:32","slug":"mpb-nga-e-hena-fillojne-aplikimet-per-lejeqendrim","status":"publish","type":"post","link":"https:\/\/shenjester.net\/index.php\/2026\/03\/15\/mpb-nga-e-hena-fillojne-aplikimet-per-lejeqendrim\/","title":{"rendered":"MPB: Nga e h\u00ebna fillojn\u00eb aplikimet p\u00ebr lejeq\u00ebndrim"},"content":{"rendered":"<p>Ministria e Pun\u00ebve t\u00eb Brendshme njofton se, pas p\u00ebrfundimit t\u00eb periudh\u00ebs informuese m\u00eb 15 mars, po nd\u00ebrmerr t\u00eb gjitha masat p\u00ebr zbatimin e plot\u00eb t\u00eb Ligjit p\u00ebr t\u00eb Huajt dhe Ligjit p\u00ebr Automjete.<\/p>\n<p>Nga data 16 mars, qytetar\u00ebt mund t\u00eb fillojn\u00eb aplikimet p\u00ebr lejeq\u00ebndrim dhe lajm\u00ebrimin e adres\u00ebs, n\u00eb p\u00ebrputhje me deklarimet e kryeministrit Albin Kurti dhe p\u00ebrfaq\u00ebsuesit t\u00eb BE-s\u00eb, Peter Sorensen. <\/p>\n<p>Gjat\u00eb nj\u00eb periudhe tremujore, MPB-ja do t\u00eb mund\u00ebsoj\u00eb regjistrimin e fakteve t\u00eb lindjes, martes\u00ebs dhe vdekjes q\u00eb jan\u00eb kryer n\u00eb institucionet paralele serbe deri m\u00eb 15 mars 2026, me q\u00ebllim integrimin e tyre n\u00eb Regjistrin Civil t\u00eb Kosov\u00ebs. Po ashtu, do t\u00eb njihen p\u00ebrkoh\u00ebsisht kartat e identitetit t\u00eb l\u00ebshuara nga k\u00ebto struktura, ekskluzivisht p\u00ebr q\u00ebllime identifikimi.<\/p>\n<p>N\u00eb bashk\u00ebpunim me Agjencin\u00eb e Regjistrimit Civil dhe Policin\u00eb e Kosov\u00ebs, do t\u00eb ofrohen udh\u00ebzime p\u00ebr qytetar\u00ebt e prekur, p\u00ebrfshir\u00eb l\u00ebshimin e lejeq\u00ebndrimeve t\u00eb p\u00ebrkohshme p\u00ebr pun\u00ebtor\u00ebt e sh\u00ebndet\u00ebsis\u00eb dhe arsimit pas aplikimit t\u00eb tyre individual.<\/p>\n<p>Ministria rikujton se \u00e7do shtetas i huaj ka obligim ligjor t\u00eb deklaroj\u00eb adres\u00ebn brenda tre dit\u00ebve nga hyrja n\u00eb Kosov\u00eb. Ky deklarim mund t\u00eb b\u00ebhet p\u00ebrmes aplikacionit n\u00eb telefon (Android dhe iOS), faqes zyrtare t\u00eb Policis\u00eb s\u00eb Kosov\u00ebs ose n\u00eb stacionin m\u00eb t\u00eb af\u00ebrt policor.<\/p>\n","protected":false},"excerpt":{"rendered":"<p>Ministria e Pun\u00ebve t\u00eb Brendshme njofton se, pas p\u00ebrfundimit t\u00eb periudh\u00ebs informuese m\u00eb 15 mars, po nd\u00ebrmerr t\u00eb gjitha masat p\u00ebr zbatimin e plot\u00eb t\u00eb Ligjit p\u00ebr t\u00eb Huajt dhe Ligjit p\u00ebr Automjete. Nga data 16 mars, qytetar\u00ebt mund t\u00eb fillojn\u00eb aplikimet p\u00ebr lejeq\u00ebndrim dhe lajm\u00ebrimin e adres\u00ebs, n\u00eb p\u00ebrputhje me deklarimet e kryeministrit Albin Kurti dhe p\u00ebrfaq\u00ebsuesit t\u00eb BE-s\u00eb, Peter Sorensen. Gjat\u00eb nj\u00eb periudhe tremujore, MPB-ja do t\u00eb mund\u00ebsoj\u00eb regjistrimin e fakteve t\u00eb lindjes, martes\u00ebs dhe vdekjes q\u00eb jan\u00eb kryer n\u00eb institucionet paralele serbe deri m\u00eb 15 mars 2026, me q\u00ebllim integrimin e tyre n\u00eb Regjistrin Civil t\u00eb Kosov\u00ebs.<\/p>\n","protected":false},"author":7,"featured_media":10026,"comment_status":"open","ping_status":"open","sticky":false,"template":"","format":"standard","meta":{"rank_math_lock_modified_date":false,"slim_seo":[],"footnotes":""},"categories":[1],"tags":[64],"_links":{"self":[{"href":"https:\/\/shenjester.net\/index.php\/wp-json\/wp\/v2\/posts\/16406"}],"collection":[{"href":"https:\/\/shenjester.net\/index.php\/wp-json\/wp\/v2\/posts"}],"about":[{"href":"https:\/\/shenjester.net\/index.php\/wp-json\/wp\/v2\/types\/post"}],"author":[{"embeddable":true,"href":"https:\/\/shenjester.net\/index.php\/wp-json\/wp\/v2\/users\/7"}],"replies":[{"embeddable":true,"href":"https:\/\/shenjester.net\/index.php\/wp-json\/wp\/v2\/comments?post=16406"}],"version-history":[{"count":3,"href":"https:\/\/shenjester.net\/index.php\/wp-json\/wp\/v2\/posts\/16406\/revisions"}],"predecessor-version":[{"id":16409,"href":"https:\/\/shenjester.net\/index.php\/wp-json\/wp\/v2\/posts\/16406\/revisions\/16409"}],"wp:featuredmedia":[{"embeddable":true,"href":"https:\/\/shenjester.net\/index.php\/wp-json\/wp\/v2\/media\/10026"}],"wp:attachment":[{"href":"https:\/\/shenjester.net\/index.php\/wp-json\/wp\/v2\/media?parent=16406"}],"wp:term":[{"taxonomy":"category","embeddable":true,"href":"https:\/\/shenjester.net\/index.php\/wp-json\/wp\/v2\/categories?post=16406"},{"taxonomy":"post_tag","embeddable":true,"href":"https:\/\/shenjester.net\/index.php\/wp-json\/wp\/v2\/tags?post=16406"}],"curies":[{"name":"wp","href":"https:\/\/api.w.org\/{rel}","templated":true}]}}