{"id":16392,"date":"2026-03-14T15:50:31","date_gmt":"2026-03-14T14:50:31","guid":{"rendered":"https:\/\/shenjester.net\/?p=16392"},"modified":"2026-03-14T15:50:31","modified_gmt":"2026-03-14T14:50:31","slug":"pdk-akuzon-qeverine-vendimet-e-kurtit-po-e-cenojne-drejtperdrejt-sovranitetin","status":"publish","type":"post","link":"https:\/\/shenjester.net\/index.php\/2026\/03\/14\/pdk-akuzon-qeverine-vendimet-e-kurtit-po-e-cenojne-drejtperdrejt-sovranitetin\/","title":{"rendered":"PDK akuzon Qeverin\u00eb: Vendimet e Kurtit po e cenojn\u00eb drejtp\u00ebrdrejt sovranitetin"},"content":{"rendered":"<p>Partia Demokratike e Kosov\u00ebs ka shprehur shqet\u00ebsim p\u00ebr vendimet e fundit t\u00eb kryeministrit Albin Kurti, lidhur me pajtimin e Qeveris\u00eb p\u00ebr t\u00eb ofruar leht\u00ebsira t\u00eb p\u00ebrkohshme p\u00ebr serb\u00ebt pa dokumente kosovare, n\u00eb kuad\u00ebr t\u00eb zbatimit t\u00eb Ligjit p\u00ebr t\u00eb Huajt dhe Ligjit p\u00ebr Automjetet.<\/p>\n<p>Sipas PDK-s\u00eb, me k\u00ebt\u00eb veprim <strong>\u201cpo cenohet drejtp\u00ebrdrejt sovraniteti i Republik\u00ebs s\u00eb Kosov\u00ebs\u201d<\/strong><em>. Partia thekson se Kurti, me vendimet e tij, ka lejuar funksionimin e institucioneve ilegale t\u00eb Serbis\u00eb brenda territorit t\u00eb Kosov\u00ebs dhe ka legjitimuar dokumentet q\u00eb Serbia l\u00ebshon n\u00eb m\u00ebnyr\u00eb kund\u00ebrligjore p\u00ebr qytetar\u00ebt kosovar\u00eb.<\/p>\n<p>PDK-ja akuzon kryeministrin se ka zhvilluar negociata pa transparenc\u00eb dhe larg opinionit publik, duke pranuar publikisht ekzistenc\u00ebn e strukturave paralele serbe dhe duke krijuar kushte p\u00ebr vazhdimin e funksionimit t\u00eb tyre.<\/p>\n<p>Partia k\u00ebrkon q\u00eb ligjet e Kosov\u00ebs t\u00eb zbatohen nj\u00ebsoj p\u00ebr t\u00eb gjith\u00eb, nd\u00ebrsa strukturat ilegale jasht\u00eb sistemit shtet\u00ebror duhet t\u00eb mbyllen menj\u00ebher\u00eb. Sipas PDK-s\u00eb, l\u00ebshimet e Kurtit jan\u00eb vazhdim i logjik\u00ebs s\u00eb Marr\u00ebveshjes s\u00eb Brukselit dhe aneksit t\u00eb Ohrit, dhe tashm\u00eb po sjellin pasoja konkrete n\u00eb terren, n\u00eb d\u00ebm t\u00eb interesit shtet\u00ebror t\u00eb Kosov\u00ebs.<\/p>\n<p>PDK-ja i b\u00ebn thirrje Qeveris\u00eb q\u00eb t\u00eb nd\u00ebrpres\u00eb menj\u00ebher\u00eb politikat e d\u00ebmshme, t\u00eb cilat prodhojn\u00eb konfuzion institucional dhe forcojn\u00eb narrativ\u00ebn e Serbis\u00eb ndaj Kosov\u00ebs.<\/p>\n","protected":false},"excerpt":{"rendered":"<p>Partia Demokratike e Kosov\u00ebs ka shprehur shqet\u00ebsim p\u00ebr vendimet e fundit t\u00eb kryeministrit Albin Kurti, lidhur me pajtimin e Qeveris\u00eb p\u00ebr t\u00eb ofruar leht\u00ebsira t\u00eb p\u00ebrkohshme p\u00ebr serb\u00ebt pa dokumente kosovare, n\u00eb kuad\u00ebr t\u00eb zbatimit t\u00eb Ligjit p\u00ebr t\u00eb Huajt dhe Ligjit p\u00ebr Automjetet. Sipas PDK-s\u00eb, me k\u00ebt\u00eb veprim \u201cpo cenohet drejtp\u00ebrdrejt sovraniteti i Republik\u00ebs s\u00eb Kosov\u00ebs\u201d. Partia thekson se Kurti, me vendimet e tij, ka lejuar funksionimin e institucioneve ilegale t\u00eb Serbis\u00eb brenda territorit t\u00eb Kosov\u00ebs dhe ka legjitimuar dokumentet q\u00eb Serbia l\u00ebshon n\u00eb m\u00ebnyr\u00eb kund\u00ebrligjore p\u00ebr qytetar\u00ebt kosovar\u00eb. PDK-ja akuzon kryeministrin se ka zhvilluar negociata pa transparenc\u00eb dhe<\/p>\n","protected":false},"author":7,"featured_media":16395,"comment_status":"open","ping_status":"open","sticky":false,"template":"","format":"standard","meta":{"rank_math_lock_modified_date":false,"slim_seo":[],"footnotes":""},"categories":[1],"tags":[63],"_links":{"self":[{"href":"https:\/\/shenjester.net\/index.php\/wp-json\/wp\/v2\/posts\/16392"}],"collection":[{"href":"https:\/\/shenjester.net\/index.php\/wp-json\/wp\/v2\/posts"}],"about":[{"href":"https:\/\/shenjester.net\/index.php\/wp-json\/wp\/v2\/types\/post"}],"author":[{"embeddable":true,"href":"https:\/\/shenjester.net\/index.php\/wp-json\/wp\/v2\/users\/7"}],"replies":[{"embeddable":true,"href":"https:\/\/shenjester.net\/index.php\/wp-json\/wp\/v2\/comments?post=16392"}],"version-history":[{"count":1,"href":"https:\/\/shenjester.net\/index.php\/wp-json\/wp\/v2\/posts\/16392\/revisions"}],"predecessor-version":[{"id":16394,"href":"https:\/\/shenjester.net\/index.php\/wp-json\/wp\/v2\/posts\/16392\/revisions\/16394"}],"wp:featuredmedia":[{"embeddable":true,"href":"https:\/\/shenjester.net\/index.php\/wp-json\/wp\/v2\/media\/16395"}],"wp:attachment":[{"href":"https:\/\/shenjester.net\/index.php\/wp-json\/wp\/v2\/media?parent=16392"}],"wp:term":[{"taxonomy":"category","embeddable":true,"href":"https:\/\/shenjester.net\/index.php\/wp-json\/wp\/v2\/categories?post=16392"},{"taxonomy":"post_tag","embeddable":true,"href":"https:\/\/shenjester.net\/index.php\/wp-json\/wp\/v2\/tags?post=16392"}],"curies":[{"name":"wp","href":"https:\/\/api.w.org\/{rel}","templated":true}]}}