{"id":16367,"date":"2026-03-14T13:37:39","date_gmt":"2026-03-14T12:37:39","guid":{"rendered":"https:\/\/shenjester.net\/?p=16367"},"modified":"2026-03-14T13:37:39","modified_gmt":"2026-03-14T12:37:39","slug":"kaja-kallas-reagon-pas-marreveshjes-per-ligjin-per-te-huajt","status":"publish","type":"post","link":"https:\/\/shenjester.net\/index.php\/2026\/03\/14\/kaja-kallas-reagon-pas-marreveshjes-per-ligjin-per-te-huajt\/","title":{"rendered":"Kaja Kallas reagon pas marr\u00ebveshjes p\u00ebr Ligjin p\u00ebr t\u00eb Huajt"},"content":{"rendered":"<p>Shefja p\u00ebr Politik\u00eb t\u00eb Jashtme e Bashkimit Evropian, Kaja Kallas, ka reaguar pasi Kosova u pajtua q\u00eb Ligji p\u00ebr t\u00eb Huajt t\u00eb nis\u00eb zbatimin me disa masa p\u00ebrmbajt\u00ebsore shtes\u00eb.<\/p>\n<p>Institucionet e vendit kishin paralajm\u00ebruar m\u00eb her\u00ebt nisjen e zbatimit strikt t\u00eb dy ligjeve: Ligjit p\u00ebr t\u00eb Huajt dhe Ligjit p\u00ebr Automjetet. N\u00eb nj\u00eb reagim n\u00eb rrjetin social X, Kallas e cil\u00ebsoi marr\u00ebveshjen si nj\u00eb hap t\u00eb r\u00ebnd\u00ebsish\u00ebm p\u00ebr t\u00eb gjith\u00eb qytetar\u00ebt n\u00eb Kosov\u00eb.<\/p>\n<p><strong>\u201cMarr\u00ebveshja e sotme p\u00ebr regjistrimin civil dhe Ligjin p\u00ebr t\u00eb Huajt sh\u00ebnon nj\u00eb hap t\u00eb r\u00ebnd\u00ebsish\u00ebm p\u00ebrpara p\u00ebr t\u00eb mir\u00ebn e t\u00eb gjith\u00eb njer\u00ebzve n\u00eb Kosov\u00eb. \u00cbsht\u00eb thelb\u00ebsore t\u00eb sigurohet vazhdim\u00ebsia n\u00eb ofrimin e sh\u00ebrbimeve publike,\u201d<\/strong><em> ka deklaruar Kallas.<\/em><\/p>\n<p>Ajo shtoi se zbatimi i marr\u00ebveshjeve t\u00eb kaluara mbetet jetik dhe se ky zhvillim krijon nj\u00eb moment t\u00eb ri p\u00ebr dialogun mes Beogradit dhe Prishtin\u00ebs.<\/p>\n<p><strong>\u201cKy progres krijon nj\u00eb momentum t\u00eb ri p\u00ebr Dialogun Beograd\u2013Prishtin\u00eb dhe un\u00eb jam gati t\u00eb organizoj nj\u00eb takim t\u00eb nivelit t\u00eb lart\u00eb s\u00eb shpejti,\u201d<\/strong> ka theksuar ajo.<\/p>\n<p>M\u00eb her\u00ebt gjat\u00eb dit\u00ebs, kryeministri Albin Kurti dhe emisari i Bashkimit Evropian p\u00ebr dialogun Kosov\u00eb\u2013Serbi, Peter Sorensen, njoftuan se jan\u00eb pajtuar q\u00eb zbatimi i k\u00ebtyre ligjeve t\u00eb nis\u00eb, por me disa masa shtes\u00eb. P\u00ebr k\u00ebt\u00eb zhvillim ka reaguar edhe Ambasada e Gjermanis\u00eb n\u00eb Kosov\u00eb, e cila e ka mir\u00ebpritur marr\u00ebveshjen.<\/p>\n<p><strong>\u201cAmbasada gjermane mir\u00ebpret marr\u00ebveshjen p\u00ebr zbatimin e Ligjit p\u00ebr t\u00eb Huajt dhe Ligjit p\u00ebr Automjetet q\u00eb kryeministri Kurti, p\u00ebrfaq\u00ebsuesi special i BE-s\u00eb, Peter Sorensen, dhe ambasadori i BE-s\u00eb, Aivo Orav, e prezantuan sot,\u201d<\/strong><em> thuhet n\u00eb reagim.<\/em><\/p>\n","protected":false},"excerpt":{"rendered":"<p>Shefja p\u00ebr Politik\u00eb t\u00eb Jashtme e Bashkimit Evropian, Kaja Kallas, ka reaguar pasi Kosova u pajtua q\u00eb Ligji p\u00ebr t\u00eb Huajt t\u00eb nis\u00eb zbatimin me disa masa p\u00ebrmbajt\u00ebsore shtes\u00eb. Institucionet e vendit kishin paralajm\u00ebruar m\u00eb her\u00ebt nisjen e zbatimit strikt t\u00eb dy ligjeve: Ligjit p\u00ebr t\u00eb Huajt dhe Ligjit p\u00ebr Automjetet. N\u00eb nj\u00eb reagim n\u00eb rrjetin social X, Kallas e cil\u00ebsoi marr\u00ebveshjen si nj\u00eb hap t\u00eb r\u00ebnd\u00ebsish\u00ebm p\u00ebr t\u00eb gjith\u00eb qytetar\u00ebt n\u00eb Kosov\u00eb. \u201cMarr\u00ebveshja e sotme p\u00ebr regjistrimin civil dhe Ligjin p\u00ebr t\u00eb Huajt sh\u00ebnon nj\u00eb hap t\u00eb r\u00ebnd\u00ebsish\u00ebm p\u00ebrpara p\u00ebr t\u00eb mir\u00ebn e t\u00eb gjith\u00eb njer\u00ebzve n\u00eb Kosov\u00eb. \u00cbsht\u00eb<\/p>\n","protected":false},"author":7,"featured_media":16368,"comment_status":"open","ping_status":"open","sticky":false,"template":"","format":"standard","meta":{"rank_math_lock_modified_date":false,"slim_seo":[],"footnotes":""},"categories":[1],"tags":[64],"_links":{"self":[{"href":"https:\/\/shenjester.net\/index.php\/wp-json\/wp\/v2\/posts\/16367"}],"collection":[{"href":"https:\/\/shenjester.net\/index.php\/wp-json\/wp\/v2\/posts"}],"about":[{"href":"https:\/\/shenjester.net\/index.php\/wp-json\/wp\/v2\/types\/post"}],"author":[{"embeddable":true,"href":"https:\/\/shenjester.net\/index.php\/wp-json\/wp\/v2\/users\/7"}],"replies":[{"embeddable":true,"href":"https:\/\/shenjester.net\/index.php\/wp-json\/wp\/v2\/comments?post=16367"}],"version-history":[{"count":2,"href":"https:\/\/shenjester.net\/index.php\/wp-json\/wp\/v2\/posts\/16367\/revisions"}],"predecessor-version":[{"id":16370,"href":"https:\/\/shenjester.net\/index.php\/wp-json\/wp\/v2\/posts\/16367\/revisions\/16370"}],"wp:featuredmedia":[{"embeddable":true,"href":"https:\/\/shenjester.net\/index.php\/wp-json\/wp\/v2\/media\/16368"}],"wp:attachment":[{"href":"https:\/\/shenjester.net\/index.php\/wp-json\/wp\/v2\/media?parent=16367"}],"wp:term":[{"taxonomy":"category","embeddable":true,"href":"https:\/\/shenjester.net\/index.php\/wp-json\/wp\/v2\/categories?post=16367"},{"taxonomy":"post_tag","embeddable":true,"href":"https:\/\/shenjester.net\/index.php\/wp-json\/wp\/v2\/tags?post=16367"}],"curies":[{"name":"wp","href":"https:\/\/api.w.org\/{rel}","templated":true}]}}