{"id":16352,"date":"2026-03-13T16:24:13","date_gmt":"2026-03-13T15:24:13","guid":{"rendered":"https:\/\/shenjester.net\/?p=16352"},"modified":"2026-03-13T16:24:13","modified_gmt":"2026-03-13T15:24:13","slug":"arrestohet-i-mituri-per-vjedhje-ne-lipjan","status":"publish","type":"post","link":"https:\/\/shenjester.net\/index.php\/2026\/03\/13\/arrestohet-i-mituri-per-vjedhje-ne-lipjan\/","title":{"rendered":"Arrestohet i mituri p\u00ebr vjedhje n\u00eb Lipjan"},"content":{"rendered":"<p>Policia e Kosov\u00ebs ka arrestuar nj\u00eb t\u00eb mitur, i dyshuar p\u00ebr kryerjen e vepr\u00ebs penale \u201cVjedhje e r\u00ebnd\u00eb\u201d, pasi ka vjedhur stoli ari dhe nj\u00eb shum\u00eb parash n\u00eb nj\u00eb sht\u00ebpi n\u00eb fshatin Torin\u00eb, m\u00eb 3 mars 2026.<\/p>\n<p>Arrestimi i t\u00eb miturit u realizua mbr\u00ebmjen e s\u00eb enjtes. Pas identifikimit dhe arrestimit t\u00eb tij, p\u00ebr rastin u njoftua edhe prokurori i shtetit dhe me vendim t\u00eb tij, i mituri u d\u00ebrgua n\u00eb mbajtje.<\/p>\n<p>Policia njofton se ndaj t\u00eb dyshuarit po kryhen procedurat p\u00ebr s\u00eb paku 12 vepra t\u00eb natyr\u00ebs s\u00eb nj\u00ebjt\u00eb. Hetuesit jan\u00eb gjithashtu n\u00eb k\u00ebrkim t\u00eb disa personave t\u00eb tjer\u00eb, t\u00eb cil\u00ebt dyshohet se mund t\u00eb jen\u00eb t\u00eb p\u00ebrfshir\u00eb n\u00eb t\u00eb nj\u00ebjtat raste.<\/p>\n","protected":false},"excerpt":{"rendered":"<p>Policia e Kosov\u00ebs ka arrestuar nj\u00eb t\u00eb mitur, i dyshuar p\u00ebr kryerjen e vepr\u00ebs penale \u201cVjedhje e r\u00ebnd\u00eb\u201d, pasi ka vjedhur stoli ari dhe nj\u00eb shum\u00eb parash n\u00eb nj\u00eb sht\u00ebpi n\u00eb fshatin Torin\u00eb, m\u00eb 3 mars 2026. Arrestimi i t\u00eb miturit u realizua mbr\u00ebmjen e s\u00eb enjtes. Pas identifikimit dhe arrestimit t\u00eb tij, p\u00ebr rastin u njoftua edhe prokurori i shtetit dhe me vendim t\u00eb tij, i mituri u d\u00ebrgua n\u00eb mbajtje. Policia njofton se ndaj t\u00eb dyshuarit po kryhen procedurat p\u00ebr s\u00eb paku 12 vepra t\u00eb natyr\u00ebs s\u00eb nj\u00ebjt\u00eb. Hetuesit jan\u00eb gjithashtu n\u00eb k\u00ebrkim t\u00eb disa personave t\u00eb tjer\u00eb,<\/p>\n","protected":false},"author":7,"featured_media":6144,"comment_status":"open","ping_status":"open","sticky":false,"template":"","format":"standard","meta":{"rank_math_lock_modified_date":false,"slim_seo":[],"footnotes":""},"categories":[1],"tags":[],"_links":{"self":[{"href":"https:\/\/shenjester.net\/index.php\/wp-json\/wp\/v2\/posts\/16352"}],"collection":[{"href":"https:\/\/shenjester.net\/index.php\/wp-json\/wp\/v2\/posts"}],"about":[{"href":"https:\/\/shenjester.net\/index.php\/wp-json\/wp\/v2\/types\/post"}],"author":[{"embeddable":true,"href":"https:\/\/shenjester.net\/index.php\/wp-json\/wp\/v2\/users\/7"}],"replies":[{"embeddable":true,"href":"https:\/\/shenjester.net\/index.php\/wp-json\/wp\/v2\/comments?post=16352"}],"version-history":[{"count":1,"href":"https:\/\/shenjester.net\/index.php\/wp-json\/wp\/v2\/posts\/16352\/revisions"}],"predecessor-version":[{"id":16353,"href":"https:\/\/shenjester.net\/index.php\/wp-json\/wp\/v2\/posts\/16352\/revisions\/16353"}],"wp:featuredmedia":[{"embeddable":true,"href":"https:\/\/shenjester.net\/index.php\/wp-json\/wp\/v2\/media\/6144"}],"wp:attachment":[{"href":"https:\/\/shenjester.net\/index.php\/wp-json\/wp\/v2\/media?parent=16352"}],"wp:term":[{"taxonomy":"category","embeddable":true,"href":"https:\/\/shenjester.net\/index.php\/wp-json\/wp\/v2\/categories?post=16352"},{"taxonomy":"post_tag","embeddable":true,"href":"https:\/\/shenjester.net\/index.php\/wp-json\/wp\/v2\/tags?post=16352"}],"curies":[{"name":"wp","href":"https:\/\/api.w.org\/{rel}","templated":true}]}}