{"id":16349,"date":"2026-03-13T15:55:07","date_gmt":"2026-03-13T14:55:07","guid":{"rendered":"https:\/\/shenjester.net\/?p=16349"},"modified":"2026-03-13T15:55:07","modified_gmt":"2026-03-13T14:55:07","slug":"kurti-therret-opoziten-ne-takim-per-presidentin","status":"publish","type":"post","link":"https:\/\/shenjester.net\/index.php\/2026\/03\/13\/kurti-therret-opoziten-ne-takim-per-presidentin\/","title":{"rendered":"Kurti th\u00ebrret opozit\u00ebn n\u00eb takim p\u00ebr Presidentin"},"content":{"rendered":"<p>Kryeministri Albin Kurti ka theksuar se \u00ebsht\u00eb e domosdoshme arritja e nj\u00eb marr\u00ebveshjeje me partit\u00eb opozitare p\u00ebr zgjedhjen e presidentit t\u00eb Kosov\u00ebs, duke vler\u00ebsuar se zgjedhjet e reja jan\u00eb t\u00eb panevojshme.<\/p>\n<p>Ai ka njoftuar se do t\u2019u d\u00ebrgoj\u00eb ftesa lider\u00ebve t\u00eb partive opozitare p\u00ebr nj\u00eb takim n\u00eb fillim t\u00eb jav\u00ebs s\u00eb ardhshme, me q\u00ebllim diskutimin e \u00e7\u00ebshtjes s\u00eb presidentit\/presidentes.<\/p>\n<p><strong>\u201cN\u00eb vitin e kaluar kemi pasur kat\u00ebr pal\u00eb zgjedhje dhe nuk duhet t\u00eb p\u00ebrs\u00ebrisim at\u00eb n\u00eb vitin 2025. Viti 2026 \u00ebsht\u00eb vit i ri; nuk \u00ebsht\u00eb e drejt\u00eb dhe as e dobishme t\u00eb kemi zgjedhje t\u00eb p\u00ebrs\u00ebritura. Qytetar\u00ebt presin stabilitet institucional, jo zgjedhje t\u00eb panevojshme. Prandaj, \u00ebsht\u00eb e domosdoshme t\u00eb kemi marr\u00ebveshje me opozit\u00ebn p\u00ebr zgjedhjen e presidentit,\u201d<\/strong><em> ka deklaruar Kurti p\u00ebr Ekonomia Online.<\/em><\/p>\n<p>Kryeministri ka shtuar se \u00ebsht\u00eb urgjent funksionalizimi i Kuvendit, pasi vonesat po ndikojn\u00eb edhe n\u00eb marr\u00ebveshjet nd\u00ebrkomb\u00ebtare, nd\u00ebrkoh\u00eb q\u00eb zgjedhjet e reja do t\u00eb kushtonin mbi 10 milion\u00eb euro.<\/p>\n<p>Dekreti p\u00ebr shp\u00ebrndarjen e Kuvendit nga presidentja Vjosa Osmani, nj\u00eb dit\u00eb pas d\u00ebshtimit t\u00eb zgjedhjes s\u00eb presidentit m\u00eb 5 mars, \u00ebsht\u00eb d\u00ebrguar p\u00ebr shqyrtim n\u00eb Gjykat\u00ebn Kushtetuese, e cila e ka pezulluar at\u00eb deri m\u00eb 31 mars.<\/p>\n<p>Nd\u00ebrkoh\u00eb, deklaratat e Osmanit p\u00ebr dat\u00ebn e zgjedhjeve t\u00eb kaluara m\u00eb 28 dhjetor jan\u00eb komentuar nga Kurti, i cili ka theksuar se zgjedhja e k\u00ebsaj date ka qen\u00eb e detyruar nga aspektet teknike, logjistike dhe buxhetore.<\/p>\n<p>Shefi i Grupit Parlamentar t\u00eb Aleanc\u00ebs p\u00ebr Ardhm\u00ebrin\u00eb e Kosov\u00ebs (AAK), Besnik Tahiri, ka kritikuar ftes\u00ebn e Kurtit si p\u00ebrpjekje p\u00ebr t\u00eb zhvendosur v\u00ebmendjen nga p\u00ebrplasja me Osmanin dhe p\u00ebr t\u00eb krijuar presion ndaj Gjykat\u00ebs Kushtetuese. Nga ana tjet\u00ebr, kryetari i LDK-s\u00eb, Lumir Abdixhiku, ka konfirmuar se do t\u00eb marr\u00eb pjes\u00eb n\u00eb takim, por vet\u00ebm pas vendimit t\u00eb Gjykat\u00ebs Kushtetuese p\u00ebr k\u00ebt\u00eb \u00e7\u00ebshtje.<\/p>\n<p>Kurti ka p\u00ebrfunduar duke konfirmuar se ftesat p\u00ebr opozit\u00ebn do t\u00eb d\u00ebrgohen sot, me q\u00ebllim nisjen e diskutimeve p\u00ebr zgjedhjen e presidentit, duke shmangur zgjedhjet e panevojshme dhe duke ruajtur stabilitetin institucional.<\/p>\n","protected":false},"excerpt":{"rendered":"<p>Kryeministri Albin Kurti ka theksuar se \u00ebsht\u00eb e domosdoshme arritja e nj\u00eb marr\u00ebveshjeje me partit\u00eb opozitare p\u00ebr zgjedhjen e presidentit t\u00eb Kosov\u00ebs, duke vler\u00ebsuar se zgjedhjet e reja jan\u00eb t\u00eb panevojshme. Ai ka njoftuar se do t\u2019u d\u00ebrgoj\u00eb ftesa lider\u00ebve t\u00eb partive opozitare p\u00ebr nj\u00eb takim n\u00eb fillim t\u00eb jav\u00ebs s\u00eb ardhshme, me q\u00ebllim diskutimin e \u00e7\u00ebshtjes s\u00eb presidentit\/presidentes. \u201cN\u00eb vitin e kaluar kemi pasur kat\u00ebr pal\u00eb zgjedhje dhe nuk duhet t\u00eb p\u00ebrs\u00ebrisim at\u00eb n\u00eb vitin 2025. Viti 2026 \u00ebsht\u00eb vit i ri; nuk \u00ebsht\u00eb e drejt\u00eb dhe as e dobishme t\u00eb kemi zgjedhje t\u00eb p\u00ebrs\u00ebritura. Qytetar\u00ebt presin stabilitet institucional,<\/p>\n","protected":false},"author":7,"featured_media":16350,"comment_status":"open","ping_status":"open","sticky":false,"template":"","format":"standard","meta":{"rank_math_lock_modified_date":false,"slim_seo":[],"footnotes":""},"categories":[1],"tags":[64],"_links":{"self":[{"href":"https:\/\/shenjester.net\/index.php\/wp-json\/wp\/v2\/posts\/16349"}],"collection":[{"href":"https:\/\/shenjester.net\/index.php\/wp-json\/wp\/v2\/posts"}],"about":[{"href":"https:\/\/shenjester.net\/index.php\/wp-json\/wp\/v2\/types\/post"}],"author":[{"embeddable":true,"href":"https:\/\/shenjester.net\/index.php\/wp-json\/wp\/v2\/users\/7"}],"replies":[{"embeddable":true,"href":"https:\/\/shenjester.net\/index.php\/wp-json\/wp\/v2\/comments?post=16349"}],"version-history":[{"count":1,"href":"https:\/\/shenjester.net\/index.php\/wp-json\/wp\/v2\/posts\/16349\/revisions"}],"predecessor-version":[{"id":16351,"href":"https:\/\/shenjester.net\/index.php\/wp-json\/wp\/v2\/posts\/16349\/revisions\/16351"}],"wp:featuredmedia":[{"embeddable":true,"href":"https:\/\/shenjester.net\/index.php\/wp-json\/wp\/v2\/media\/16350"}],"wp:attachment":[{"href":"https:\/\/shenjester.net\/index.php\/wp-json\/wp\/v2\/media?parent=16349"}],"wp:term":[{"taxonomy":"category","embeddable":true,"href":"https:\/\/shenjester.net\/index.php\/wp-json\/wp\/v2\/categories?post=16349"},{"taxonomy":"post_tag","embeddable":true,"href":"https:\/\/shenjester.net\/index.php\/wp-json\/wp\/v2\/tags?post=16349"}],"curies":[{"name":"wp","href":"https:\/\/api.w.org\/{rel}","templated":true}]}}