{"id":16346,"date":"2026-03-13T15:38:41","date_gmt":"2026-03-13T14:38:41","guid":{"rendered":"https:\/\/shenjester.net\/?p=16346"},"modified":"2026-03-13T15:38:41","modified_gmt":"2026-03-13T14:38:41","slug":"arian-gashi-eshte-zgjedhur-kryesues-i-keshillit-prokurorial-te-kosoves","status":"publish","type":"post","link":"https:\/\/shenjester.net\/index.php\/2026\/03\/13\/arian-gashi-eshte-zgjedhur-kryesues-i-keshillit-prokurorial-te-kosoves\/","title":{"rendered":"Arian Gashi \u00ebsht\u00eb zgjedhur kryesues i K\u00ebshillit Prokurorial t\u00eb Kosov\u00ebs"},"content":{"rendered":"<p>Arian Gashi \u00ebsht\u00eb zgjedhur sot kryesues i K\u00ebshillit Prokurorial t\u00eb Kosov\u00ebs (KPK). Duke prezantuar prioritetet e tij, Gashi ka theksuar se do t\u00eb angazhohet p\u00ebr rritjen e bashk\u00ebpunimit me an\u00ebtar\u00ebt e K\u00ebshillit dhe me ushtruesin e detyr\u00ebs s\u00eb Kryeprokurorit t\u00eb Shtetit.<\/p>\n<p>\u201cRreziku p\u00ebr cenimin e parimeve themelore ka qen\u00eb i madh. N\u00eb fokus t\u00eb pun\u00ebs sime do t\u00eb jet\u00eb mbrojtja e k\u00ebtyre parimeve, jo interesave t\u00eb grupeve t\u00eb caktuara,\u201d tha Gashi. Ai premtoi gjithashtu rritje t\u00eb transparenc\u00ebs dhe hapje m\u00eb t\u00eb madhe ndaj mediave, duke shtuar se K\u00ebshilli Prokurorial nuk duhet t\u00eb \u201cbarrikadohet\u201d, si\u00e7 ka ndodhur n\u00eb t\u00eb kaluar\u00ebn.<\/p>\n<p>Gashi siguroi se gjat\u00eb mandatit t\u00eb tij, puna e KPK-s\u00eb do t\u00eb udh\u00ebhiqet mbi baz\u00ebn e garancive kushtetuese, me trajtim t\u00eb barabart\u00eb dhe t\u00eb paansh\u00ebm.<\/p>\n<p>N\u00eb t\u00eb nj\u00ebjt\u00ebn mbledhje, Dardan Vuniqi \u00ebsht\u00eb zgjedhur z\u00ebvend\u00ebskryesues i KPK-s\u00eb. Ministrja e Drejt\u00ebsis\u00eb, Albulena Haxhiu, ka p\u00ebrsh\u00ebndetur zgjedhjet, duke theksuar r\u00ebnd\u00ebsin\u00eb e tyre p\u00ebr zbatimin e ndryshimeve t\u00eb fundit ligjore dhe avancimin e reform\u00ebs n\u00eb drejt\u00ebsi:<\/p>\n<p><strong>\u201cKy proces sh\u00ebnon nj\u00eb faz\u00eb t\u00eb re p\u00ebr K\u00ebshillin Prokurorial dhe d\u00ebshmon p\u00ebrkushtimin e institucioneve tona ndaj nj\u00eb sistemi t\u00eb drejt\u00ebsis\u00eb t\u00eb pavarur, transparent dhe llogaridh\u00ebn\u00ebs,\u201d<\/strong><em> shkroi Haxhiu n\u00eb Facebook.<\/em><\/p>\n","protected":false},"excerpt":{"rendered":"<p>Arian Gashi \u00ebsht\u00eb zgjedhur sot kryesues i K\u00ebshillit Prokurorial t\u00eb Kosov\u00ebs (KPK). Duke prezantuar prioritetet e tij, Gashi ka theksuar se do t\u00eb angazhohet p\u00ebr rritjen e bashk\u00ebpunimit me an\u00ebtar\u00ebt e K\u00ebshillit dhe me ushtruesin e detyr\u00ebs s\u00eb Kryeprokurorit t\u00eb Shtetit. \u201cRreziku p\u00ebr cenimin e parimeve themelore ka qen\u00eb i madh. N\u00eb fokus t\u00eb pun\u00ebs sime do t\u00eb jet\u00eb mbrojtja e k\u00ebtyre parimeve, jo interesave t\u00eb grupeve t\u00eb caktuara,\u201d tha Gashi. Ai premtoi gjithashtu rritje t\u00eb transparenc\u00ebs dhe hapje m\u00eb t\u00eb madhe ndaj mediave, duke shtuar se K\u00ebshilli Prokurorial nuk duhet t\u00eb \u201cbarrikadohet\u201d, si\u00e7 ka ndodhur n\u00eb t\u00eb kaluar\u00ebn. Gashi<\/p>\n","protected":false},"author":7,"featured_media":16347,"comment_status":"open","ping_status":"open","sticky":false,"template":"","format":"standard","meta":{"rank_math_lock_modified_date":false,"slim_seo":[],"footnotes":""},"categories":[1],"tags":[63],"_links":{"self":[{"href":"https:\/\/shenjester.net\/index.php\/wp-json\/wp\/v2\/posts\/16346"}],"collection":[{"href":"https:\/\/shenjester.net\/index.php\/wp-json\/wp\/v2\/posts"}],"about":[{"href":"https:\/\/shenjester.net\/index.php\/wp-json\/wp\/v2\/types\/post"}],"author":[{"embeddable":true,"href":"https:\/\/shenjester.net\/index.php\/wp-json\/wp\/v2\/users\/7"}],"replies":[{"embeddable":true,"href":"https:\/\/shenjester.net\/index.php\/wp-json\/wp\/v2\/comments?post=16346"}],"version-history":[{"count":1,"href":"https:\/\/shenjester.net\/index.php\/wp-json\/wp\/v2\/posts\/16346\/revisions"}],"predecessor-version":[{"id":16348,"href":"https:\/\/shenjester.net\/index.php\/wp-json\/wp\/v2\/posts\/16346\/revisions\/16348"}],"wp:featuredmedia":[{"embeddable":true,"href":"https:\/\/shenjester.net\/index.php\/wp-json\/wp\/v2\/media\/16347"}],"wp:attachment":[{"href":"https:\/\/shenjester.net\/index.php\/wp-json\/wp\/v2\/media?parent=16346"}],"wp:term":[{"taxonomy":"category","embeddable":true,"href":"https:\/\/shenjester.net\/index.php\/wp-json\/wp\/v2\/categories?post=16346"},{"taxonomy":"post_tag","embeddable":true,"href":"https:\/\/shenjester.net\/index.php\/wp-json\/wp\/v2\/tags?post=16346"}],"curies":[{"name":"wp","href":"https:\/\/api.w.org\/{rel}","templated":true}]}}