{"id":16343,"date":"2026-03-13T15:33:21","date_gmt":"2026-03-13T14:33:21","guid":{"rendered":"https:\/\/shenjester.net\/?p=16343"},"modified":"2026-03-13T15:33:21","modified_gmt":"2026-03-13T14:33:21","slug":"klopp-drejt-perfaqesueses-gjermane-ne-veren-e-vitit-2026","status":"publish","type":"post","link":"https:\/\/shenjester.net\/index.php\/2026\/03\/13\/klopp-drejt-perfaqesueses-gjermane-ne-veren-e-vitit-2026\/","title":{"rendered":"Klopp drejt p\u00ebrfaq\u00ebsueses gjermane n\u00eb ver\u00ebn e vitit 2026"},"content":{"rendered":"<p>J\u00fcrgen Klopp mund t\u00eb marr\u00eb drejtimin e p\u00ebrfaq\u00ebsueses gjermane.<\/p>\n<p>Sipas Bild, pavar\u00ebsisht raportimeve n\u00eb media, nuk ka asnj\u00eb synim p\u00ebr nd\u00ebrprerjen e parakohshme t\u00eb kontrat\u00ebs mes &#8220;Red Bull&#8221; dhe kreut t\u00eb tyre t\u00eb operacioneve t\u00eb futbollit. N\u00eb fakt, pal\u00ebt tashm\u00eb kan\u00eb diskutuar n\u00eb m\u00ebnyr\u00eb joformale mund\u00ebsin\u00eb e zgjatjes s\u00eb partneritetit, i cili skadon n\u00eb vitin 2029.<\/p>\n<p>P\u00ebr momentin, \u00e7do rikthim i Klopp-it si trajner klubi, madje edhe te nj\u00eb em\u00ebr i fuqish\u00ebm si Real Madrid konsiderohet i pamundur. Kjo \u00ebsht\u00eb pohuar qart\u00eb nga njer\u00ebz t\u00eb af\u00ebrt me 58-vje\u00e7arin.<\/p>\n<p>Nga ana tjet\u00ebr, nj\u00eb opsion i ri po fiton terren: kalimi te Federata Gjermane e Futbollit (DFB) p\u00ebr t\u00eb drejtuar komb\u00ebtaren duke filluar nga vera e vitit 2026. Gjithnj\u00eb e m\u00eb shum\u00eb njer\u00ebz brenda strukturave t\u00eb &#8220;Red Bull&#8221; po e shohin k\u00ebt\u00eb si nj\u00eb mund\u00ebsi reale.<\/p>\n","protected":false},"excerpt":{"rendered":"<p>J\u00fcrgen Klopp mund t\u00eb marr\u00eb drejtimin e p\u00ebrfaq\u00ebsueses gjermane. Sipas Bild, pavar\u00ebsisht raportimeve n\u00eb media, nuk ka asnj\u00eb synim p\u00ebr nd\u00ebrprerjen e parakohshme t\u00eb kontrat\u00ebs mes &#8220;Red Bull&#8221; dhe kreut t\u00eb tyre t\u00eb operacioneve t\u00eb futbollit. N\u00eb fakt, pal\u00ebt tashm\u00eb kan\u00eb diskutuar n\u00eb m\u00ebnyr\u00eb joformale mund\u00ebsin\u00eb e zgjatjes s\u00eb partneritetit, i cili skadon n\u00eb vitin 2029. P\u00ebr momentin, \u00e7do rikthim i Klopp-it si trajner klubi, madje edhe te nj\u00eb em\u00ebr i fuqish\u00ebm si Real Madrid konsiderohet i pamundur. Kjo \u00ebsht\u00eb pohuar qart\u00eb nga njer\u00ebz t\u00eb af\u00ebrt me 58-vje\u00e7arin. Nga ana tjet\u00ebr, nj\u00eb opsion i ri po fiton terren: kalimi te<\/p>\n","protected":false},"author":7,"featured_media":16344,"comment_status":"open","ping_status":"open","sticky":false,"template":"","format":"standard","meta":{"rank_math_lock_modified_date":false,"slim_seo":[],"footnotes":""},"categories":[3],"tags":[],"_links":{"self":[{"href":"https:\/\/shenjester.net\/index.php\/wp-json\/wp\/v2\/posts\/16343"}],"collection":[{"href":"https:\/\/shenjester.net\/index.php\/wp-json\/wp\/v2\/posts"}],"about":[{"href":"https:\/\/shenjester.net\/index.php\/wp-json\/wp\/v2\/types\/post"}],"author":[{"embeddable":true,"href":"https:\/\/shenjester.net\/index.php\/wp-json\/wp\/v2\/users\/7"}],"replies":[{"embeddable":true,"href":"https:\/\/shenjester.net\/index.php\/wp-json\/wp\/v2\/comments?post=16343"}],"version-history":[{"count":1,"href":"https:\/\/shenjester.net\/index.php\/wp-json\/wp\/v2\/posts\/16343\/revisions"}],"predecessor-version":[{"id":16345,"href":"https:\/\/shenjester.net\/index.php\/wp-json\/wp\/v2\/posts\/16343\/revisions\/16345"}],"wp:featuredmedia":[{"embeddable":true,"href":"https:\/\/shenjester.net\/index.php\/wp-json\/wp\/v2\/media\/16344"}],"wp:attachment":[{"href":"https:\/\/shenjester.net\/index.php\/wp-json\/wp\/v2\/media?parent=16343"}],"wp:term":[{"taxonomy":"category","embeddable":true,"href":"https:\/\/shenjester.net\/index.php\/wp-json\/wp\/v2\/categories?post=16343"},{"taxonomy":"post_tag","embeddable":true,"href":"https:\/\/shenjester.net\/index.php\/wp-json\/wp\/v2\/tags?post=16343"}],"curies":[{"name":"wp","href":"https:\/\/api.w.org\/{rel}","templated":true}]}}