{"id":16340,"date":"2026-03-13T15:00:12","date_gmt":"2026-03-13T14:00:12","guid":{"rendered":"https:\/\/shenjester.net\/?p=16340"},"modified":"2026-03-13T15:00:12","modified_gmt":"2026-03-13T14:00:12","slug":"manchester-city-harron-realin-dhe-sulmon-yllin-e-psg-se","status":"publish","type":"post","link":"https:\/\/shenjester.net\/index.php\/2026\/03\/13\/manchester-city-harron-realin-dhe-sulmon-yllin-e-psg-se\/","title":{"rendered":"Manchester City harron Realin dhe &#8220;sulmon&#8221; yllin e PSG-s\u00eb"},"content":{"rendered":"<p>Humbja e thell\u00eb ndaj Real Madridit (0-3) n\u00eb Champions League nuk i ka ndalur drejtuesit e Manchester City-t q\u00eb t\u00eb nisin planet p\u00ebr merkaton e ver\u00ebs.<\/p>\n<p>Sipas gazet\u00ebs katalanase Sport, drejtori sportiv i &#8220;Citizens&#8221;, Hugo Viana, ka zhvilluar nj\u00eb takim n\u00eb Madrid me Moussa Sissoko, agjentin e sulmuesit t\u00eb PSG-s\u00eb, Ousmane Demb\u00e9l\u00e9.<\/p>\n<p>Biseda p\u00ebrshkruhet si joformale, por koha e takimit nuk konsiderohet e rast\u00ebsishme. Negociatat mes Demb\u00e9l\u00e9-s\u00eb dhe parisien\u00ebve p\u00ebr rinovimin e kontrat\u00ebs (e cila skadon n\u00eb vitin 2028) nuk po ecin me ritmin e duhur. N\u00ebse marr\u00ebveshja nuk arrihet, PSG mund t\u00eb detyrohet t\u00eb shqyrtoj\u00eb ofertat p\u00ebr 28-vje\u00e7arin francez.<\/p>\n<p>Profili i Demb\u00e9l\u00e9-s\u00eb vler\u00ebsohet lart te Manchester City, ku klubi e sheh at\u00eb si nj\u00eb p\u00ebrforcim ideal p\u00ebr repartin ofensiv. Francezi \u00ebsht\u00eb pjes\u00eb e PSG-s\u00eb q\u00eb nga vera e vitit 2023, kur u transferua nga Barcelona p\u00ebr 50 milion\u00eb euro. <\/p>\n<p>K\u00ebt\u00eb sezon, ai ka luajtur 27 ndeshje, duke sh\u00ebnuar 12 gola dhe duke dhuruar 7 asistime.<\/p>\n","protected":false},"excerpt":{"rendered":"<p>Humbja e thell\u00eb ndaj Real Madridit (0-3) n\u00eb Champions League nuk i ka ndalur drejtuesit e Manchester City-t q\u00eb t\u00eb nisin planet p\u00ebr merkaton e ver\u00ebs. Sipas gazet\u00ebs katalanase Sport, drejtori sportiv i &#8220;Citizens&#8221;, Hugo Viana, ka zhvilluar nj\u00eb takim n\u00eb Madrid me Moussa Sissoko, agjentin e sulmuesit t\u00eb PSG-s\u00eb, Ousmane Demb\u00e9l\u00e9. Biseda p\u00ebrshkruhet si joformale, por koha e takimit nuk konsiderohet e rast\u00ebsishme. Negociatat mes Demb\u00e9l\u00e9-s\u00eb dhe parisien\u00ebve p\u00ebr rinovimin e kontrat\u00ebs (e cila skadon n\u00eb vitin 2028) nuk po ecin me ritmin e duhur. N\u00ebse marr\u00ebveshja nuk arrihet, PSG mund t\u00eb detyrohet t\u00eb shqyrtoj\u00eb ofertat p\u00ebr 28-vje\u00e7arin francez.<\/p>\n","protected":false},"author":7,"featured_media":16341,"comment_status":"open","ping_status":"open","sticky":false,"template":"","format":"standard","meta":{"rank_math_lock_modified_date":false,"slim_seo":[],"footnotes":""},"categories":[3],"tags":[],"_links":{"self":[{"href":"https:\/\/shenjester.net\/index.php\/wp-json\/wp\/v2\/posts\/16340"}],"collection":[{"href":"https:\/\/shenjester.net\/index.php\/wp-json\/wp\/v2\/posts"}],"about":[{"href":"https:\/\/shenjester.net\/index.php\/wp-json\/wp\/v2\/types\/post"}],"author":[{"embeddable":true,"href":"https:\/\/shenjester.net\/index.php\/wp-json\/wp\/v2\/users\/7"}],"replies":[{"embeddable":true,"href":"https:\/\/shenjester.net\/index.php\/wp-json\/wp\/v2\/comments?post=16340"}],"version-history":[{"count":1,"href":"https:\/\/shenjester.net\/index.php\/wp-json\/wp\/v2\/posts\/16340\/revisions"}],"predecessor-version":[{"id":16342,"href":"https:\/\/shenjester.net\/index.php\/wp-json\/wp\/v2\/posts\/16340\/revisions\/16342"}],"wp:featuredmedia":[{"embeddable":true,"href":"https:\/\/shenjester.net\/index.php\/wp-json\/wp\/v2\/media\/16341"}],"wp:attachment":[{"href":"https:\/\/shenjester.net\/index.php\/wp-json\/wp\/v2\/media?parent=16340"}],"wp:term":[{"taxonomy":"category","embeddable":true,"href":"https:\/\/shenjester.net\/index.php\/wp-json\/wp\/v2\/categories?post=16340"},{"taxonomy":"post_tag","embeddable":true,"href":"https:\/\/shenjester.net\/index.php\/wp-json\/wp\/v2\/tags?post=16340"}],"curies":[{"name":"wp","href":"https:\/\/api.w.org\/{rel}","templated":true}]}}