{"id":16312,"date":"2026-03-12T14:49:50","date_gmt":"2026-03-12T13:49:50","guid":{"rendered":"https:\/\/shenjester.net\/?p=16312"},"modified":"2026-03-12T16:41:55","modified_gmt":"2026-03-12T15:41:55","slug":"lideri-i-ri-suprem-i-iranit-mojtaba-khamenei-ne-koma-pas-lendimeve-serioze","status":"publish","type":"post","link":"https:\/\/shenjester.net\/index.php\/2026\/03\/12\/lideri-i-ri-suprem-i-iranit-mojtaba-khamenei-ne-koma-pas-lendimeve-serioze\/","title":{"rendered":"Lideri i ri suprem i Iranit, Mojtaba Khamenei, n\u00eb koma pas l\u00ebndimeve serioze"},"content":{"rendered":"<p>Raportohet se lideri i ri suprem i Iranit, Mojtaba Khamenei, pasardh\u00ebs i babait t\u00eb tij, ndodhet n\u00eb koma dhe ka humbur nj\u00ebr\u00ebn k\u00ebmb\u00eb.<\/p>\n<p>Sipas gazet\u00ebs britanike The Sun, ai ka p\u00ebsuar l\u00ebndime serioze n\u00eb stomak ose m\u00ebl\u00e7i dhe aktualisht ndodhet n\u00eb kujdes intensiv n\u00eb spitalin universitar &#8220;Sina&#8221;. Forcat e siguris\u00eb kan\u00eb izoluar nj\u00eb pjes\u00eb t\u00eb nd\u00ebrtes\u00ebs, nd\u00ebrsa gjendja e tij konsiderohet \u201cshum\u00eb serioze\u201d n\u00ebn kujdesin e Mohammad Reza Zafargandit, minist\u00ebr i Sh\u00ebndet\u00ebsis\u00eb dhe kirurg i njohur.<\/p>\n<p>Burimet raportojn\u00eb se nj\u00eb ose dy nga k\u00ebmb\u00ebt e tij jan\u00eb amputuar dhe l\u00ebndimet n\u00eb stomak ose m\u00ebl\u00e7i jan\u00eb t\u00eb r\u00ebnda. Nuk dihet n\u00ebse k\u00ebto plag\u00eb jan\u00eb shkaktuar n\u00eb t\u00eb nj\u00ebjtin sulm q\u00eb vrau baban\u00eb e tij 86-vje\u00e7ar.<\/p>\n","protected":false},"excerpt":{"rendered":"<p>Raportohet se lideri i ri suprem i Iranit, Mojtaba Khamenei, pasardh\u00ebs i babait t\u00eb tij, ndodhet n\u00eb koma dhe ka humbur nj\u00ebr\u00ebn k\u00ebmb\u00eb. Sipas gazet\u00ebs britanike The Sun, ai ka p\u00ebsuar l\u00ebndime serioze n\u00eb stomak ose m\u00ebl\u00e7i dhe aktualisht ndodhet n\u00eb kujdes intensiv n\u00eb spitalin universitar &#8220;Sina&#8221;. Forcat e siguris\u00eb kan\u00eb izoluar nj\u00eb pjes\u00eb t\u00eb nd\u00ebrtes\u00ebs, nd\u00ebrsa gjendja e tij konsiderohet \u201cshum\u00eb serioze\u201d n\u00ebn kujdesin e Mohammad Reza Zafargandit, minist\u00ebr i Sh\u00ebndet\u00ebsis\u00eb dhe kirurg i njohur. Burimet raportojn\u00eb se nj\u00eb ose dy nga k\u00ebmb\u00ebt e tij jan\u00eb amputuar dhe l\u00ebndimet n\u00eb stomak ose m\u00ebl\u00e7i jan\u00eb t\u00eb r\u00ebnda. Nuk dihet n\u00ebse<\/p>\n","protected":false},"author":7,"featured_media":16313,"comment_status":"open","ping_status":"open","sticky":false,"template":"","format":"standard","meta":{"rank_math_lock_modified_date":false,"slim_seo":[],"footnotes":""},"categories":[1],"tags":[],"_links":{"self":[{"href":"https:\/\/shenjester.net\/index.php\/wp-json\/wp\/v2\/posts\/16312"}],"collection":[{"href":"https:\/\/shenjester.net\/index.php\/wp-json\/wp\/v2\/posts"}],"about":[{"href":"https:\/\/shenjester.net\/index.php\/wp-json\/wp\/v2\/types\/post"}],"author":[{"embeddable":true,"href":"https:\/\/shenjester.net\/index.php\/wp-json\/wp\/v2\/users\/7"}],"replies":[{"embeddable":true,"href":"https:\/\/shenjester.net\/index.php\/wp-json\/wp\/v2\/comments?post=16312"}],"version-history":[{"count":3,"href":"https:\/\/shenjester.net\/index.php\/wp-json\/wp\/v2\/posts\/16312\/revisions"}],"predecessor-version":[{"id":16323,"href":"https:\/\/shenjester.net\/index.php\/wp-json\/wp\/v2\/posts\/16312\/revisions\/16323"}],"wp:featuredmedia":[{"embeddable":true,"href":"https:\/\/shenjester.net\/index.php\/wp-json\/wp\/v2\/media\/16313"}],"wp:attachment":[{"href":"https:\/\/shenjester.net\/index.php\/wp-json\/wp\/v2\/media?parent=16312"}],"wp:term":[{"taxonomy":"category","embeddable":true,"href":"https:\/\/shenjester.net\/index.php\/wp-json\/wp\/v2\/categories?post=16312"},{"taxonomy":"post_tag","embeddable":true,"href":"https:\/\/shenjester.net\/index.php\/wp-json\/wp\/v2\/tags?post=16312"}],"curies":[{"name":"wp","href":"https:\/\/api.w.org\/{rel}","templated":true}]}}