{"id":16303,"date":"2026-03-12T14:38:53","date_gmt":"2026-03-12T13:38:53","guid":{"rendered":"https:\/\/shenjester.net\/?p=16303"},"modified":"2026-03-12T14:38:53","modified_gmt":"2026-03-12T13:38:53","slug":"seanca-ndaj-arber-kabashit-per-kanosje-ndaj-hajrulla-cekut-nderprehet-per-mungese-avokati","status":"publish","type":"post","link":"https:\/\/shenjester.net\/index.php\/2026\/03\/12\/seanca-ndaj-arber-kabashit-per-kanosje-ndaj-hajrulla-cekut-nderprehet-per-mungese-avokati\/","title":{"rendered":"Seanca ndaj Arb\u00ebr Kabashit p\u00ebr kanosje ndaj Hajrulla \u00c7ekut nd\u00ebrprehet p\u00ebr munges\u00eb avokati"},"content":{"rendered":"<p>Seanca e shqyrtimit fillestar ndaj Arb\u00ebr Kabashit, i akuzuar p\u00ebr kanosjen e ish-ministrit t\u00eb Kultur\u00ebs, Hajrulla \u00c7eku, e caktuar p\u00ebr sot (12.03.2026) n\u00eb Gjykat\u00ebn e Prishtin\u00ebs, u nd\u00ebrpre. Arsyeja ishte mungesa e avokatit t\u00eb t\u00eb akuzuarit, mbrojtja e t\u00eb cilit sipas ligjit \u00ebsht\u00eb e detyrueshme p\u00ebr k\u00ebt\u00eb vep\u00ebr penale.<\/p>\n<p>Kabashi deklaroi se nuk ishte n\u00eb dijeni t\u00eb nevoj\u00ebs p\u00ebr mbrojtje ligjore dhe njoftoi se do t\u00eb autorizoj\u00eb nj\u00eb avokat p\u00ebr seanc\u00ebn e radh\u00ebs, e cila u caktua p\u00ebr muajin prill. N\u00eb seanc\u00eb ishte e pranishme prokurorja Vesa Maloku, nd\u00ebrsa i d\u00ebmtuari nuk mori pjes\u00eb.<\/p>\n<p>Sipas aktakuz\u00ebs s\u00eb Prokuroris\u00eb Themelore n\u00eb Prishtin\u00eb (11.07.2023), m\u00eb 18.04.2023, Kabashi e ka kanosur \u00c7ekun para Ministris\u00eb s\u00eb Kultur\u00ebs n\u00eb sheshin \u201cN\u00ebn\u00eb Tereza\u201d. Sipas dosjes, ai i ka shkaktuar frik\u00eb dhe ankth p\u00ebr jet\u00ebn pas nj\u00eb kontesti lidhur me nj\u00eb projekt p\u00ebr nd\u00ebrtimin e nj\u00eb fushe sportive. Para takimit, ai i kishte d\u00ebrguar mesazhe telefonike, nd\u00ebrsa gjat\u00eb ballafaqimit e kishte ofenduar me fjal\u00eb t\u00eb r\u00ebnda, duke i th\u00ebn\u00eb: \u201cShihemi un\u00eb dhe ti, e sheh \u00e7ka ka me t\u00eb ba\u201d.<\/p>\n<p>Prokuroria e akuzon Arb\u00ebr Kabashin p\u00ebr vepr\u00ebn penale t\u00eb \u201cKanosjes\u201d.<\/p>\n","protected":false},"excerpt":{"rendered":"<p>Seanca e shqyrtimit fillestar ndaj Arb\u00ebr Kabashit, i akuzuar p\u00ebr kanosjen e ish-ministrit t\u00eb Kultur\u00ebs, Hajrulla \u00c7eku, e caktuar p\u00ebr sot (12.03.2026) n\u00eb Gjykat\u00ebn e Prishtin\u00ebs, u nd\u00ebrpre. Arsyeja ishte mungesa e avokatit t\u00eb t\u00eb akuzuarit, mbrojtja e t\u00eb cilit sipas ligjit \u00ebsht\u00eb e detyrueshme p\u00ebr k\u00ebt\u00eb vep\u00ebr penale. Kabashi deklaroi se nuk ishte n\u00eb dijeni t\u00eb nevoj\u00ebs p\u00ebr mbrojtje ligjore dhe njoftoi se do t\u00eb autorizoj\u00eb nj\u00eb avokat p\u00ebr seanc\u00ebn e radh\u00ebs, e cila u caktua p\u00ebr muajin prill. N\u00eb seanc\u00eb ishte e pranishme prokurorja Vesa Maloku, nd\u00ebrsa i d\u00ebmtuari nuk mori pjes\u00eb. Sipas aktakuz\u00ebs s\u00eb Prokuroris\u00eb Themelore n\u00eb<\/p>\n","protected":false},"author":7,"featured_media":10305,"comment_status":"open","ping_status":"open","sticky":false,"template":"","format":"standard","meta":{"rank_math_lock_modified_date":false,"slim_seo":[],"footnotes":""},"categories":[1],"tags":[],"_links":{"self":[{"href":"https:\/\/shenjester.net\/index.php\/wp-json\/wp\/v2\/posts\/16303"}],"collection":[{"href":"https:\/\/shenjester.net\/index.php\/wp-json\/wp\/v2\/posts"}],"about":[{"href":"https:\/\/shenjester.net\/index.php\/wp-json\/wp\/v2\/types\/post"}],"author":[{"embeddable":true,"href":"https:\/\/shenjester.net\/index.php\/wp-json\/wp\/v2\/users\/7"}],"replies":[{"embeddable":true,"href":"https:\/\/shenjester.net\/index.php\/wp-json\/wp\/v2\/comments?post=16303"}],"version-history":[{"count":1,"href":"https:\/\/shenjester.net\/index.php\/wp-json\/wp\/v2\/posts\/16303\/revisions"}],"predecessor-version":[{"id":16304,"href":"https:\/\/shenjester.net\/index.php\/wp-json\/wp\/v2\/posts\/16303\/revisions\/16304"}],"wp:featuredmedia":[{"embeddable":true,"href":"https:\/\/shenjester.net\/index.php\/wp-json\/wp\/v2\/media\/10305"}],"wp:attachment":[{"href":"https:\/\/shenjester.net\/index.php\/wp-json\/wp\/v2\/media?parent=16303"}],"wp:term":[{"taxonomy":"category","embeddable":true,"href":"https:\/\/shenjester.net\/index.php\/wp-json\/wp\/v2\/categories?post=16303"},{"taxonomy":"post_tag","embeddable":true,"href":"https:\/\/shenjester.net\/index.php\/wp-json\/wp\/v2\/tags?post=16303"}],"curies":[{"name":"wp","href":"https:\/\/api.w.org\/{rel}","templated":true}]}}