{"id":16300,"date":"2026-03-12T14:31:45","date_gmt":"2026-03-12T13:31:45","guid":{"rendered":"https:\/\/shenjester.net\/?p=16300"},"modified":"2026-03-12T16:34:31","modified_gmt":"2026-03-12T15:34:31","slug":"pe-dialogu-kosove-serbi-celesi-per-rrugen-drejt-be-se","status":"publish","type":"post","link":"https:\/\/shenjester.net\/index.php\/2026\/03\/12\/pe-dialogu-kosove-serbi-celesi-per-rrugen-drejt-be-se\/","title":{"rendered":"PE: Dialogu Kosov\u00eb-Serbi, \u00e7el\u00ebsi p\u00ebr rrug\u00ebn drejt BE-s\u00eb\u201d"},"content":{"rendered":"<p>Parlamenti Europian ka miratuar nj\u00eb raport t\u00eb ri mbi strategjin\u00eb e zgjerimit t\u00eb Bashkimit Europian, duke rikonfirmuar r\u00ebnd\u00ebsin\u00eb gjeostrategjike t\u00eb procesit dhe duke d\u00ebrguar mesazhe t\u00eb qarta p\u00ebr vendet q\u00eb aspirojn\u00eb an\u00ebtar\u00ebsimin, p\u00ebrfshir\u00eb edhe Kosov\u00ebn.<\/p>\n<p>Eurodeputet\u00ebt vler\u00ebsuan se kostoja e moszgjerimit do t\u00eb ishte m\u00eb e madhe se ajo e pranimit t\u00eb an\u00ebtar\u00ebve t\u00eb rinj, pasi kjo mund t\u00eb krijonte zona &#8220;gri&#8221; t\u00eb cenueshme ndaj ndikimit t\u00eb huaj armiq\u00ebsor. Raportti n\u00ebnvizon se rruga drejt BE-s\u00eb mbetet e lidhur ngusht\u00eb me fqinj\u00ebsin\u00eb e mir\u00eb dhe normalizimin e marr\u00ebdh\u00ebnieve p\u00ebrmes Dialogut Kosov\u00eb-Serbi.<\/p>\n<p>Dokumenti p\u00ebrforcon r\u00ebnd\u00ebsin\u00eb e Marr\u00ebveshjes s\u00eb Presp\u00ebs midis Greqis\u00eb dhe Maqedonis\u00eb s\u00eb Veriut, si dhe Traktatit t\u00eb Miq\u00ebsis\u00eb dhe Fqinj\u00ebsis\u00eb s\u00eb Mir\u00eb midis Maqedonis\u00eb s\u00eb Veriut dhe Bullgaris\u00eb.<\/p>\n<p>Raporti p\u00ebrg\u00ebzon Shqip\u00ebrin\u00eb dhe Malin e Zi p\u00ebr p\u00ebrparimin e arritur dhe mb\u00ebshtet ambiciet e tyre p\u00ebr p\u00ebrfundimin e negociatave t\u00eb an\u00ebtar\u00ebsimit: deri n\u00eb fund t\u00eb vitit 2027 p\u00ebr Shqip\u00ebrin\u00eb dhe deri n\u00eb fund t\u00eb vitit 2026 p\u00ebr Malin e Zi.<\/p>\n<p>Parlamenti Europian thekson se procesi nuk mund t\u00eb p\u00ebrshpejtohet n\u00eb m\u00ebnyr\u00eb q\u00eb t\u00eb komprometoj\u00eb integritetin e tij; \u00e7do vend do t\u00eb vler\u00ebsohet sipas meritave dhe nuk do t\u00eb ket\u00eb kompromise p\u00ebr vlerat dhe parimet themelore. Raporti n\u00ebnvizon nevoj\u00ebn p\u00ebr reforma brenda BE-s\u00eb dhe vendeve kandidate p\u00ebr t\u00eb forcuar autonomin\u00eb strategjike t\u00eb Europ\u00ebs.<\/p>\n<p>Shqet\u00ebsim ve\u00e7an\u00ebrisht i theksuar \u00ebsht\u00eb ndikimi n\u00eb rritje i Kin\u00ebs n\u00eb vendet e zgjerimit, p\u00ebrfshir\u00eb var\u00ebsit\u00eb ekonomike dhe politike q\u00eb lindin nga investimet n\u00eb sektor\u00eb ky\u00e7.<\/p>\n<p>Sa u p\u00ebrket rezultateve konkrete, raporti p\u00ebrmend uljen e tarifave t\u00eb &#8220;roaming-ut&#8221; midis BE-s\u00eb dhe Ballkanit Per\u00ebndimor, duke b\u00ebr\u00eb thirrje p\u00ebr krijimin e Zon\u00ebs s\u00eb Vetme Europiane t\u00eb Pagesave (SEPA) dhe iniciativ\u00ebn \u201cRoam Like at Home\u201d.<\/p>\n<p>Sipas raportit, nga 10 vendet q\u00eb aspirojn\u00eb an\u00ebtar\u00ebsimin, 9 kan\u00eb statusin e kandidatit, nd\u00ebrsa Kosova ende nuk e ka k\u00ebt\u00eb status. Raporti kujton gjithashtu marr\u00ebveshjen e Ohrit t\u00eb vitit 2023, ku kryeministri Albin Kurti dhe presidenti Aleksandar Vu\u00e7iq ran\u00eb dakord p\u00ebr zbatimin e Aneksit t\u00eb Marr\u00ebveshjes Bazike, e cila ende nuk \u00ebsht\u00eb zbatuar.<\/p>\n","protected":false},"excerpt":{"rendered":"<p>Parlamenti Europian ka miratuar nj\u00eb raport t\u00eb ri mbi strategjin\u00eb e zgjerimit t\u00eb Bashkimit Europian, duke rikonfirmuar r\u00ebnd\u00ebsin\u00eb gjeostrategjike t\u00eb procesit dhe duke d\u00ebrguar mesazhe t\u00eb qarta p\u00ebr vendet q\u00eb aspirojn\u00eb an\u00ebtar\u00ebsimin, p\u00ebrfshir\u00eb edhe Kosov\u00ebn. Eurodeputet\u00ebt vler\u00ebsuan se kostoja e moszgjerimit do t\u00eb ishte m\u00eb e madhe se ajo e pranimit t\u00eb an\u00ebtar\u00ebve t\u00eb rinj, pasi kjo mund t\u00eb krijonte zona &#8220;gri&#8221; t\u00eb cenueshme ndaj ndikimit t\u00eb huaj armiq\u00ebsor. Raportti n\u00ebnvizon se rruga drejt BE-s\u00eb mbetet e lidhur ngusht\u00eb me fqinj\u00ebsin\u00eb e mir\u00eb dhe normalizimin e marr\u00ebdh\u00ebnieve p\u00ebrmes Dialogut Kosov\u00eb-Serbi. Dokumenti p\u00ebrforcon r\u00ebnd\u00ebsin\u00eb e Marr\u00ebveshjes s\u00eb Presp\u00ebs midis Greqis\u00eb dhe<\/p>\n","protected":false},"author":7,"featured_media":16319,"comment_status":"open","ping_status":"open","sticky":false,"template":"","format":"standard","meta":{"rank_math_lock_modified_date":false,"slim_seo":[],"footnotes":""},"categories":[1],"tags":[64],"_links":{"self":[{"href":"https:\/\/shenjester.net\/index.php\/wp-json\/wp\/v2\/posts\/16300"}],"collection":[{"href":"https:\/\/shenjester.net\/index.php\/wp-json\/wp\/v2\/posts"}],"about":[{"href":"https:\/\/shenjester.net\/index.php\/wp-json\/wp\/v2\/types\/post"}],"author":[{"embeddable":true,"href":"https:\/\/shenjester.net\/index.php\/wp-json\/wp\/v2\/users\/7"}],"replies":[{"embeddable":true,"href":"https:\/\/shenjester.net\/index.php\/wp-json\/wp\/v2\/comments?post=16300"}],"version-history":[{"count":1,"href":"https:\/\/shenjester.net\/index.php\/wp-json\/wp\/v2\/posts\/16300\/revisions"}],"predecessor-version":[{"id":16302,"href":"https:\/\/shenjester.net\/index.php\/wp-json\/wp\/v2\/posts\/16300\/revisions\/16302"}],"wp:featuredmedia":[{"embeddable":true,"href":"https:\/\/shenjester.net\/index.php\/wp-json\/wp\/v2\/media\/16319"}],"wp:attachment":[{"href":"https:\/\/shenjester.net\/index.php\/wp-json\/wp\/v2\/media?parent=16300"}],"wp:term":[{"taxonomy":"category","embeddable":true,"href":"https:\/\/shenjester.net\/index.php\/wp-json\/wp\/v2\/categories?post=16300"},{"taxonomy":"post_tag","embeddable":true,"href":"https:\/\/shenjester.net\/index.php\/wp-json\/wp\/v2\/tags?post=16300"}],"curies":[{"name":"wp","href":"https:\/\/api.w.org\/{rel}","templated":true}]}}