{"id":16296,"date":"2026-03-12T14:26:12","date_gmt":"2026-03-12T13:26:12","guid":{"rendered":"https:\/\/shenjester.net\/?p=16296"},"modified":"2026-03-12T14:26:12","modified_gmt":"2026-03-12T13:26:12","slug":"rama-kosova-eshte-makthi-i-vuciqit","status":"publish","type":"post","link":"https:\/\/shenjester.net\/index.php\/2026\/03\/12\/rama-kosova-eshte-makthi-i-vuciqit\/","title":{"rendered":"Rama: Kosova \u00ebsht\u00eb &#8220;makthi&#8221; i Vu\u00e7iqit"},"content":{"rendered":"<p>Kryeministri i Shqip\u00ebris\u00eb, Edi Rama, ka deklaruar se presidenti i Serbis\u00eb, Aleksandar Vu\u010di\u0107, e ka nj\u00eb \u201cmakth\u201d dhe ai, sipas tij, \u00ebsht\u00eb Kosova.<\/p>\n<p>N\u00eb nj\u00eb intervist\u00eb p\u00ebr \u201cTurkiye Today\u201d, Rama ka hedhur posht\u00eb pretendimet e Vu\u00e7iqit p\u00ebr nj\u00eb aleanc\u00eb ushtarake mes Shqip\u00ebris\u00eb, Kosov\u00ebs dhe Kroacis\u00eb, duke i cil\u00ebsuar ato si t\u00eb pabaza.<\/p>\n<p>Ai ka reaguar edhe ndaj deklaratave t\u00eb Vu\u00e7iqit p\u00ebr gjoja ambicie \u201cneo-osmane\u201d t\u00eb Turqis\u00eb n\u00eb rajon. Rama p\u00ebrmendi nj\u00eb projekt restaurimi t\u00eb nj\u00eb xhamie t\u00eb vog\u00ebl n\u00eb Shqip\u00ebri nga Agjencia Turke p\u00ebr Bashk\u00ebpunim dhe Koordinim (TIKA), i cili sipas tij \u00ebsht\u00eb vonuar.<\/p>\n<p><strong>\u201c\u00c7far\u00eb neo-osmanizmi? Jam i sigurt q\u00eb presidenti i Serbis\u00eb mund ta shoh\u00eb se Turqia ka investuar m\u00eb shum\u00eb n\u00eb Serbi sesa n\u00eb Shqip\u00ebri dhe Kosov\u00eb s\u00eb bashku\u201d,<\/strong><em> ka th\u00ebn\u00eb Rama.<\/em><\/p>\n<p>Deklarata e tij vjen si p\u00ebrgjigje ndaj nj\u00eb q\u00ebndrimi t\u00eb m\u00ebhersh\u00ebm t\u00eb Vu\u00e7iqit, i cili kishte akuzuar Turqin\u00eb se \u201c\u00ebnd\u00ebrron Perandorin\u00eb Osmane\u201d, pas shitjes s\u00eb dron\u00ebve &#8220;Skydagger&#8221; p\u00ebr Kosov\u00ebn. M\u00eb pas ai kishte pretenduar gjithashtu se Turqia dhe Shtetet e Bashkuara po armatosin Kosov\u00ebn, duke e paraqitur at\u00eb si k\u00ebrc\u00ebnim p\u00ebr Serbin\u00eb.<\/p>\n<p>Rama i ka quajtur t\u00eb pabaza edhe akuzat e Vu\u00e7iqit se Shqip\u00ebria, Kroacia dhe Kosova po krijojn\u00eb nj\u00eb \u201caleanc\u00eb ushtarake\u201d kund\u00ebr Serbis\u00eb.<\/p>\n<p><em><strong>\u201cPresidenti Vu\u00e7iq \u00ebsht\u00eb dikush me njohuri t\u00eb m\u00ebdha dhe intuit\u00eb t\u00eb fort\u00eb, por ai ka makthin e tij: \u00ebsht\u00eb Kosova. Kaq \u00ebsht\u00eb. Pik\u00eb. Kur makthi i pushton emocionet, ai arrin t\u00eb thot\u00eb gj\u00ebra q\u00eb sinqerisht nuk kan\u00eb kuptim\u201d,<\/strong><\/em> ka deklaruar Rama.<\/p>\n<p>Megjithat\u00eb, kryeministri shqiptar theksoi se pavar\u00ebsisht mosmarr\u00ebveshjeve, Vu\u00e7iq mbetet nj\u00eb lider me t\u00eb cilin mund t\u00eb zhvillohen bisedime dhe bashk\u00ebpunim p\u00ebr \u00e7\u00ebshtje t\u00eb p\u00ebrbashk\u00ebta.<\/p>\n<p>N\u00eb fund, Rama n\u00ebnvizoi mb\u00ebshtetjen e fort\u00eb t\u00eb Shqip\u00ebris\u00eb p\u00ebr Kosov\u00ebn.<\/p>\n<p><em><strong>\u201cKosova \u00ebsht\u00eb e pavarur; \u00ebsht\u00eb republik\u00eb. Ky proces \u00ebsht\u00eb i pakthyesh\u00ebm. N\u00ebse Kosova preket, preket edhe Shqip\u00ebria. N\u00ebse Kosova \u00ebsht\u00eb n\u00ebn nj\u00eb k\u00ebrc\u00ebnim ekzistencial, Shqip\u00ebria \u00ebsht\u00eb n\u00ebn nj\u00eb k\u00ebrc\u00ebnim ekzistencial\u201d<\/strong><\/em>, \u00ebsht\u00eb shprehur Rama.<\/p>\n","protected":false},"excerpt":{"rendered":"<p>Kryeministri i Shqip\u00ebris\u00eb, Edi Rama, ka deklaruar se presidenti i Serbis\u00eb, Aleksandar Vu\u010di\u0107, e ka nj\u00eb \u201cmakth\u201d dhe ai, sipas tij, \u00ebsht\u00eb Kosova. N\u00eb nj\u00eb intervist\u00eb p\u00ebr \u201cTurkiye Today\u201d, Rama ka hedhur posht\u00eb pretendimet e Vu\u00e7iqit p\u00ebr nj\u00eb aleanc\u00eb ushtarake mes Shqip\u00ebris\u00eb, Kosov\u00ebs dhe Kroacis\u00eb, duke i cil\u00ebsuar ato si t\u00eb pabaza. Ai ka reaguar edhe ndaj deklaratave t\u00eb Vu\u00e7iqit p\u00ebr gjoja ambicie \u201cneo-osmane\u201d t\u00eb Turqis\u00eb n\u00eb rajon. Rama p\u00ebrmendi nj\u00eb projekt restaurimi t\u00eb nj\u00eb xhamie t\u00eb vog\u00ebl n\u00eb Shqip\u00ebri nga Agjencia Turke p\u00ebr Bashk\u00ebpunim dhe Koordinim (TIKA), i cili sipas tij \u00ebsht\u00eb vonuar. \u201c\u00c7far\u00eb neo-osmanizmi? Jam i sigurt q\u00eb<\/p>\n","protected":false},"author":7,"featured_media":16297,"comment_status":"open","ping_status":"open","sticky":false,"template":"","format":"standard","meta":{"rank_math_lock_modified_date":false,"slim_seo":[],"footnotes":""},"categories":[1],"tags":[63],"_links":{"self":[{"href":"https:\/\/shenjester.net\/index.php\/wp-json\/wp\/v2\/posts\/16296"}],"collection":[{"href":"https:\/\/shenjester.net\/index.php\/wp-json\/wp\/v2\/posts"}],"about":[{"href":"https:\/\/shenjester.net\/index.php\/wp-json\/wp\/v2\/types\/post"}],"author":[{"embeddable":true,"href":"https:\/\/shenjester.net\/index.php\/wp-json\/wp\/v2\/users\/7"}],"replies":[{"embeddable":true,"href":"https:\/\/shenjester.net\/index.php\/wp-json\/wp\/v2\/comments?post=16296"}],"version-history":[{"count":2,"href":"https:\/\/shenjester.net\/index.php\/wp-json\/wp\/v2\/posts\/16296\/revisions"}],"predecessor-version":[{"id":16299,"href":"https:\/\/shenjester.net\/index.php\/wp-json\/wp\/v2\/posts\/16296\/revisions\/16299"}],"wp:featuredmedia":[{"embeddable":true,"href":"https:\/\/shenjester.net\/index.php\/wp-json\/wp\/v2\/media\/16297"}],"wp:attachment":[{"href":"https:\/\/shenjester.net\/index.php\/wp-json\/wp\/v2\/media?parent=16296"}],"wp:term":[{"taxonomy":"category","embeddable":true,"href":"https:\/\/shenjester.net\/index.php\/wp-json\/wp\/v2\/categories?post=16296"},{"taxonomy":"post_tag","embeddable":true,"href":"https:\/\/shenjester.net\/index.php\/wp-json\/wp\/v2\/tags?post=16296"}],"curies":[{"name":"wp","href":"https:\/\/api.w.org\/{rel}","templated":true}]}}