{"id":16293,"date":"2026-03-12T14:22:28","date_gmt":"2026-03-12T13:22:28","guid":{"rendered":"https:\/\/shenjester.net\/?p=16293"},"modified":"2026-03-12T16:36:26","modified_gmt":"2026-03-12T15:36:26","slug":"kreu-i-ldk-se-flet-per-mundesine-e-bashkimit-me-osmanin","status":"publish","type":"post","link":"https:\/\/shenjester.net\/index.php\/2026\/03\/12\/kreu-i-ldk-se-flet-per-mundesine-e-bashkimit-me-osmanin\/","title":{"rendered":"Kreu i LDK-s\u00eb flet p\u00ebr mund\u00ebsin\u00eb e bashkimit me Osmanin"},"content":{"rendered":"<p>Kryetari i Lidhjes Demokratike t\u00eb Kosov\u00ebs, Lumir Abdixhiku, ka deklaruar se nj\u00eb bashkim i mundsh\u00ebm politik mes LDK-s\u00eb dhe presidentes Vjosa Osmani do t\u00eb ishte i dobish\u00ebm p\u00ebr vendin.<\/p>\n<p>Abdixhiku ka theksuar se p\u00ebr k\u00ebt\u00eb \u00e7\u00ebshtje mund t\u00eb flas\u00eb m\u00eb konkretisht vet\u00ebm pasi Osmanit t\u2019i p\u00ebrfundoj\u00eb mandati si presidente.<\/p>\n<p><em><strong>\u201cP\u00ebrderisa zonja Osmani \u00ebsht\u00eb presidente e vendit, dhe p\u00ebr 25 dit\u00ebt e ardhshme, i b\u00ebjm\u00eb nder Republik\u00ebs dhe institucionit n\u00ebse nuk e p\u00ebrfshijm\u00eb n\u00eb \u00e7\u00ebshtje partiake. Pas k\u00ebsaj kohe mund t\u00eb flasim m\u00eb specifikisht. Padyshim, p\u00ebrbashkimi eventual n\u00eb nj\u00eb vizion t\u00eb p\u00ebrbashk\u00ebt do t\u00eb ishte i dobish\u00ebm p\u00ebr vendin\u201d<\/strong><\/em>, ka th\u00ebn\u00eb Abdixhiku.<\/p>\n<p>Nj\u00eb dit\u00eb m\u00eb par\u00eb, Abdixhiku p\u00ebrmes nj\u00eb shkrimi n\u00eb Facebook ka b\u00ebr\u00eb thirrje p\u00ebr bashkim t\u00eb institucionalist\u00ebve, mb\u00ebshtet\u00ebsve t\u00eb Republik\u00ebs dhe t\u00eb gjith\u00eb atyre q\u00eb mb\u00ebshtesin rrug\u00ebn euroatlantike t\u00eb Kosov\u00ebs.<\/p>\n<p>Sipas tij, vendi ka nevoj\u00eb p\u00ebr tejkalim t\u00eb dallimeve dhe fokusim n\u00eb t\u00eb ardhmen. Ai ka paralajm\u00ebruar nisjen e nj\u00eb procesi t\u00eb bashkimit politik dhe qytetar rreth nj\u00eb projekti t\u00eb p\u00ebrbashk\u00ebt, q\u00eb sipas tij duhet t\u00eb l\u00ebr\u00eb pas ambiciet personale dhe hidh\u00ebrimet e s\u00eb kaluar\u00ebs.<\/p>\n<p>Megjithat\u00eb, Abdixhiku ka b\u00ebr\u00eb t\u00eb qart\u00eb se kjo thirrje p\u00ebr bashkim nuk u drejtohet partive Partia Demokratike e Kosov\u00ebs dhe Aleanca p\u00ebr Ardhm\u00ebrin\u00eb e Kosov\u00ebs.<\/p>\n","protected":false},"excerpt":{"rendered":"<p>Kryetari i Lidhjes Demokratike t\u00eb Kosov\u00ebs, Lumir Abdixhiku, ka deklaruar se nj\u00eb bashkim i mundsh\u00ebm politik mes LDK-s\u00eb dhe presidentes Vjosa Osmani do t\u00eb ishte i dobish\u00ebm p\u00ebr vendin. Abdixhiku ka theksuar se p\u00ebr k\u00ebt\u00eb \u00e7\u00ebshtje mund t\u00eb flas\u00eb m\u00eb konkretisht vet\u00ebm pasi Osmanit t\u2019i p\u00ebrfundoj\u00eb mandati si presidente. \u201cP\u00ebrderisa zonja Osmani \u00ebsht\u00eb presidente e vendit, dhe p\u00ebr 25 dit\u00ebt e ardhshme, i b\u00ebjm\u00eb nder Republik\u00ebs dhe institucionit n\u00ebse nuk e p\u00ebrfshijm\u00eb n\u00eb \u00e7\u00ebshtje partiake. Pas k\u00ebsaj kohe mund t\u00eb flasim m\u00eb specifikisht. Padyshim, p\u00ebrbashkimi eventual n\u00eb nj\u00eb vizion t\u00eb p\u00ebrbashk\u00ebt do t\u00eb ishte i dobish\u00ebm p\u00ebr vendin\u201d, ka th\u00ebn\u00eb<\/p>\n","protected":false},"author":7,"featured_media":16320,"comment_status":"open","ping_status":"open","sticky":false,"template":"","format":"standard","meta":{"rank_math_lock_modified_date":false,"slim_seo":[],"footnotes":""},"categories":[1],"tags":[63],"_links":{"self":[{"href":"https:\/\/shenjester.net\/index.php\/wp-json\/wp\/v2\/posts\/16293"}],"collection":[{"href":"https:\/\/shenjester.net\/index.php\/wp-json\/wp\/v2\/posts"}],"about":[{"href":"https:\/\/shenjester.net\/index.php\/wp-json\/wp\/v2\/types\/post"}],"author":[{"embeddable":true,"href":"https:\/\/shenjester.net\/index.php\/wp-json\/wp\/v2\/users\/7"}],"replies":[{"embeddable":true,"href":"https:\/\/shenjester.net\/index.php\/wp-json\/wp\/v2\/comments?post=16293"}],"version-history":[{"count":1,"href":"https:\/\/shenjester.net\/index.php\/wp-json\/wp\/v2\/posts\/16293\/revisions"}],"predecessor-version":[{"id":16295,"href":"https:\/\/shenjester.net\/index.php\/wp-json\/wp\/v2\/posts\/16293\/revisions\/16295"}],"wp:featuredmedia":[{"embeddable":true,"href":"https:\/\/shenjester.net\/index.php\/wp-json\/wp\/v2\/media\/16320"}],"wp:attachment":[{"href":"https:\/\/shenjester.net\/index.php\/wp-json\/wp\/v2\/media?parent=16293"}],"wp:term":[{"taxonomy":"category","embeddable":true,"href":"https:\/\/shenjester.net\/index.php\/wp-json\/wp\/v2\/categories?post=16293"},{"taxonomy":"post_tag","embeddable":true,"href":"https:\/\/shenjester.net\/index.php\/wp-json\/wp\/v2\/tags?post=16293"}],"curies":[{"name":"wp","href":"https:\/\/api.w.org\/{rel}","templated":true}]}}