{"id":16260,"date":"2026-03-11T16:46:38","date_gmt":"2026-03-11T15:46:38","guid":{"rendered":"https:\/\/shenjester.net\/?p=16260"},"modified":"2026-03-11T16:46:38","modified_gmt":"2026-03-11T15:46:38","slug":"arrestohen-dy-te-dyshuar-per-fajde-ne-prizren","status":"publish","type":"post","link":"https:\/\/shenjester.net\/index.php\/2026\/03\/11\/arrestohen-dy-te-dyshuar-per-fajde-ne-prizren\/","title":{"rendered":"Arrestohen dy t\u00eb dyshuar p\u00ebr fajde n\u00eb Prizren"},"content":{"rendered":"<p>Policia e Kosov\u00ebs, n\u00eb bashk\u00ebpunim me Prokurorin\u00eb Themelore t\u00eb Prizrenit, ka njoftuar arrestimin e dy personave t\u00eb dyshuar p\u00ebr fajde dhe tentativ\u00eb p\u00ebr tjet\u00ebrsimin e pron\u00ebs s\u00eb nj\u00eb viktime. Sipas njoftimit, dy t\u00eb dyshuarit jan\u00eb kapur n\u00eb flagranc\u00eb.<\/p>\n<p>Ata dyshohet se, n\u00eb vazhdim\u00ebsi, e kan\u00eb detyruar viktim\u00ebn t\u00eb paguaj\u00eb shuma t\u00eb ndryshme parash si interes p\u00ebr fajde. Gjithashtu, t\u00eb dyshuarit kan\u00eb k\u00ebrkuar marrjen e sht\u00ebpis\u00eb dhe t\u00eb dy lokaleve t\u00eb tij, vlera e t\u00eb cilave arrin rreth 1 milion euro. Arrestimi ndodhi gjat\u00eb p\u00ebrpjekjes s\u00eb tyre p\u00ebr ta detyruar viktim\u00ebn t\u00eb rregullonte dokumentacionin e pronave n\u00eb em\u00ebr t\u00eb dy t\u00eb arrestuarve.<\/p>\n<p>Sipas njoftimit zyrtar:<\/p>\n<p><em><strong>\u201cT\u00eb dyshuarit, me veprimet e tyre, e kan\u00eb detyruar viktim\u00ebn t\u00eb paguaj\u00eb shuma t\u00eb ndryshme parash si interes p\u00ebr fajde dhe, p\u00ebrmes formave t\u00eb ndryshme t\u00eb presionit, kan\u00eb k\u00ebrkuar marrjen e pronave t\u00eb tij n\u00eb Prizren, vlera e t\u00eb cilave \u00ebsht\u00eb rreth 1 milion euro. Ata u arrestuan n\u00eb flagranc\u00eb gjat\u00eb tentativ\u00ebs p\u00ebr rregullimin e dokumentacionit t\u00eb pron\u00ebs.\u201d<\/strong><\/em><\/p>\n<p>Gjithashtu, Policia ka kontrolluar vendbanimet e t\u00eb dyshuarve dhe ka sekuestruar d\u00ebshmi materiale q\u00eb do t\u00eb p\u00ebrdoren n\u00eb procedur\u00ebn penale ndaj tyre. Autoritetet kan\u00eb publikuar edhe pamje nga momenti i kapjes s\u00eb tyre.<\/p>\n","protected":false},"excerpt":{"rendered":"<p>Policia e Kosov\u00ebs, n\u00eb bashk\u00ebpunim me Prokurorin\u00eb Themelore t\u00eb Prizrenit, ka njoftuar arrestimin e dy personave t\u00eb dyshuar p\u00ebr fajde dhe tentativ\u00eb p\u00ebr tjet\u00ebrsimin e pron\u00ebs s\u00eb nj\u00eb viktime. Sipas njoftimit, dy t\u00eb dyshuarit jan\u00eb kapur n\u00eb flagranc\u00eb. Ata dyshohet se, n\u00eb vazhdim\u00ebsi, e kan\u00eb detyruar viktim\u00ebn t\u00eb paguaj\u00eb shuma t\u00eb ndryshme parash si interes p\u00ebr fajde. Gjithashtu, t\u00eb dyshuarit kan\u00eb k\u00ebrkuar marrjen e sht\u00ebpis\u00eb dhe t\u00eb dy lokaleve t\u00eb tij, vlera e t\u00eb cilave arrin rreth 1 milion euro. Arrestimi ndodhi gjat\u00eb p\u00ebrpjekjes s\u00eb tyre p\u00ebr ta detyruar viktim\u00ebn t\u00eb rregullonte dokumentacionin e pronave n\u00eb em\u00ebr t\u00eb dy t\u00eb<\/p>\n","protected":false},"author":7,"featured_media":12659,"comment_status":"open","ping_status":"open","sticky":false,"template":"","format":"standard","meta":{"rank_math_lock_modified_date":false,"slim_seo":[],"footnotes":""},"categories":[1],"tags":[],"_links":{"self":[{"href":"https:\/\/shenjester.net\/index.php\/wp-json\/wp\/v2\/posts\/16260"}],"collection":[{"href":"https:\/\/shenjester.net\/index.php\/wp-json\/wp\/v2\/posts"}],"about":[{"href":"https:\/\/shenjester.net\/index.php\/wp-json\/wp\/v2\/types\/post"}],"author":[{"embeddable":true,"href":"https:\/\/shenjester.net\/index.php\/wp-json\/wp\/v2\/users\/7"}],"replies":[{"embeddable":true,"href":"https:\/\/shenjester.net\/index.php\/wp-json\/wp\/v2\/comments?post=16260"}],"version-history":[{"count":1,"href":"https:\/\/shenjester.net\/index.php\/wp-json\/wp\/v2\/posts\/16260\/revisions"}],"predecessor-version":[{"id":16261,"href":"https:\/\/shenjester.net\/index.php\/wp-json\/wp\/v2\/posts\/16260\/revisions\/16261"}],"wp:featuredmedia":[{"embeddable":true,"href":"https:\/\/shenjester.net\/index.php\/wp-json\/wp\/v2\/media\/12659"}],"wp:attachment":[{"href":"https:\/\/shenjester.net\/index.php\/wp-json\/wp\/v2\/media?parent=16260"}],"wp:term":[{"taxonomy":"category","embeddable":true,"href":"https:\/\/shenjester.net\/index.php\/wp-json\/wp\/v2\/categories?post=16260"},{"taxonomy":"post_tag","embeddable":true,"href":"https:\/\/shenjester.net\/index.php\/wp-json\/wp\/v2\/tags?post=16260"}],"curies":[{"name":"wp","href":"https:\/\/api.w.org\/{rel}","templated":true}]}}