{"id":16242,"date":"2026-03-11T14:33:26","date_gmt":"2026-03-11T13:33:26","guid":{"rendered":"https:\/\/shenjester.net\/?p=16242"},"modified":"2026-03-11T14:33:26","modified_gmt":"2026-03-11T13:33:26","slug":"riho-terras-viti-2025-ishte-nje-vit-i-humbur-per-kosoven","status":"publish","type":"post","link":"https:\/\/shenjester.net\/index.php\/2026\/03\/11\/riho-terras-viti-2025-ishte-nje-vit-i-humbur-per-kosoven\/","title":{"rendered":"Riho Terras: Viti 2025 ishte nj\u00eb &#8220;vit i humbur&#8221; p\u00ebr Kosov\u00ebn"},"content":{"rendered":"<p>Raportuesi p\u00ebr Kosov\u00ebn n\u00eb Parlamentin Evropian, Riho Terras, ka vler\u00ebsuar se viti 2025 ishte nj\u00eb \u201cvit i humbur\u201d p\u00ebr Kosov\u00ebn p\u00ebr shkak t\u00eb bllokad\u00ebs politike dhe mosfunksionimit t\u00eb institucioneve pas zgjedhjeve.<\/p>\n<p>N\u00eb draft-raportin p\u00ebr vitin 2025, mir\u00ebpritet formimi i institucioneve t\u00eb reja m\u00eb 12 shkurt 2026, pas zgjedhjeve t\u00eb parakohshme parlamentare t\u00eb mbajtura n\u00eb dhjetor t\u00eb vitit 2025. Megjithat\u00eb, Terras shpreh keqardhje p\u00ebr ng\u00ebr\u00e7in e gjat\u00eb politik gjat\u00eb vitit t\u00eb kaluar dhe p\u00ebr d\u00ebshtimin e Kuvendit p\u00ebr ta zgjedhur presidentin brenda afatit kushtetues, gj\u00eb q\u00eb e \u00e7oi vendin drejt zgjedhjeve t\u00eb reja.<\/p>\n<p>Raporti gjithashtu thekson se masat nd\u00ebshkuese t\u00eb Bashkimit Evropian ndaj Kosov\u00ebs n\u00eb vitin 2023 kan\u00eb ndikuar negativisht n\u00eb p\u00ebrparimin e saj drejt integrimit evropian. N\u00eb t\u00eb nj\u00ebjt\u00ebn koh\u00eb, p\u00ebrs\u00ebritet mb\u00ebshtetja p\u00ebr rrug\u00ebn evropiane t\u00eb Kosov\u00ebs dhe p\u00ebr aplikimin p\u00ebr an\u00ebtar\u00ebsim n\u00eb BE, t\u00eb dor\u00ebzuar n\u00eb dhjetor t\u00eb vitit 2022.<\/p>\n<p>Dokumenti u b\u00ebn thirrje pes\u00eb shteteve t\u00eb BE-s\u00eb, q\u00eb ende nuk e njohin Kosov\u00ebn, q\u00eb t\u00eb l\u00ebvizin drejt njohjes, nd\u00ebrsa k\u00ebrkon edhe p\u00ebrshpejtimin e reformave, ve\u00e7an\u00ebrisht n\u00eb sundimin e ligjit dhe luft\u00ebn kund\u00ebr korrupsionit.<\/p>\n<p>Nj\u00eb pjes\u00eb e raportit i kushtohet edhe liris\u00eb s\u00eb mediave. Edhe pse vler\u00ebsohet se Kosova ka nj\u00eb peizazh mediatik pluralist, theksohet r\u00ebnia e vendit n\u00eb Indeksin Bot\u00ebror t\u00eb Liris\u00eb s\u00eb Mediave p\u00ebr vitin 2025, duke shprehur shqet\u00ebsim edhe p\u00ebr k\u00ebrc\u00ebnimet dhe sulmet ndaj gazetar\u00ebve.<\/p>\n<p>N\u00eb raport ritheksohet se normalizimi i marr\u00ebdh\u00ebnieve me Serbin\u00eb mbetet ky\u00e7 p\u00ebr perspektiv\u00ebn evropiane t\u00eb Kosov\u00ebs, duke k\u00ebrkuar zbatimin e marr\u00ebveshjeve t\u00eb arritura n\u00eb dialog, p\u00ebrfshir\u00eb Marr\u00ebveshjen e Brukselit dhe at\u00eb t\u00eb Ohrit.<\/p>\n<p>Po ashtu, k\u00ebrkohet q\u00eb p\u00ebrgjegj\u00ebsit p\u00ebr sulmin terrorist n\u00eb Banjsk\u00eb n\u00eb vitin 2023 t\u00eb sillen para drejt\u00ebsis\u00eb, nd\u00ebrsa kritikohet fakti se Serbia ende nuk i ka ndjekur penalisht autor\u00ebt, p\u00ebrfshir\u00eb Milan Radoi\u00e7iqin.<\/p>\n<p>Nd\u00ebrkoh\u00eb, pas d\u00ebshtimit p\u00ebr zgjedhjen e presidentit, presidentja e Kosov\u00ebs, Vjosa Osmani, ka dekretuar m\u00eb 6 mars 2026 shp\u00ebrndarjen e Kuvendit dhe ka paralajm\u00ebruar zgjedhje t\u00eb reja pas konsultimeve me partit\u00eb politike. Megjithat\u00eb, L\u00ebvizja Vet\u00ebvendosje e ka cil\u00ebsuar k\u00ebt\u00eb veprim si t\u00eb paprecedent dhe nuk ka marr\u00eb pjes\u00eb n\u00eb takimin konsultativ.<\/p>\n","protected":false},"excerpt":{"rendered":"<p>Raportuesi p\u00ebr Kosov\u00ebn n\u00eb Parlamentin Evropian, Riho Terras, ka vler\u00ebsuar se viti 2025 ishte nj\u00eb \u201cvit i humbur\u201d p\u00ebr Kosov\u00ebn p\u00ebr shkak t\u00eb bllokad\u00ebs politike dhe mosfunksionimit t\u00eb institucioneve pas zgjedhjeve. N\u00eb draft-raportin p\u00ebr vitin 2025, mir\u00ebpritet formimi i institucioneve t\u00eb reja m\u00eb 12 shkurt 2026, pas zgjedhjeve t\u00eb parakohshme parlamentare t\u00eb mbajtura n\u00eb dhjetor t\u00eb vitit 2025. Megjithat\u00eb, Terras shpreh keqardhje p\u00ebr ng\u00ebr\u00e7in e gjat\u00eb politik gjat\u00eb vitit t\u00eb kaluar dhe p\u00ebr d\u00ebshtimin e Kuvendit p\u00ebr ta zgjedhur presidentin brenda afatit kushtetues, gj\u00eb q\u00eb e \u00e7oi vendin drejt zgjedhjeve t\u00eb reja. Raporti gjithashtu thekson se masat nd\u00ebshkuese t\u00eb Bashkimit<\/p>\n","protected":false},"author":7,"featured_media":16243,"comment_status":"open","ping_status":"open","sticky":false,"template":"","format":"standard","meta":{"rank_math_lock_modified_date":false,"slim_seo":[],"footnotes":""},"categories":[1],"tags":[64],"_links":{"self":[{"href":"https:\/\/shenjester.net\/index.php\/wp-json\/wp\/v2\/posts\/16242"}],"collection":[{"href":"https:\/\/shenjester.net\/index.php\/wp-json\/wp\/v2\/posts"}],"about":[{"href":"https:\/\/shenjester.net\/index.php\/wp-json\/wp\/v2\/types\/post"}],"author":[{"embeddable":true,"href":"https:\/\/shenjester.net\/index.php\/wp-json\/wp\/v2\/users\/7"}],"replies":[{"embeddable":true,"href":"https:\/\/shenjester.net\/index.php\/wp-json\/wp\/v2\/comments?post=16242"}],"version-history":[{"count":2,"href":"https:\/\/shenjester.net\/index.php\/wp-json\/wp\/v2\/posts\/16242\/revisions"}],"predecessor-version":[{"id":16245,"href":"https:\/\/shenjester.net\/index.php\/wp-json\/wp\/v2\/posts\/16242\/revisions\/16245"}],"wp:featuredmedia":[{"embeddable":true,"href":"https:\/\/shenjester.net\/index.php\/wp-json\/wp\/v2\/media\/16243"}],"wp:attachment":[{"href":"https:\/\/shenjester.net\/index.php\/wp-json\/wp\/v2\/media?parent=16242"}],"wp:term":[{"taxonomy":"category","embeddable":true,"href":"https:\/\/shenjester.net\/index.php\/wp-json\/wp\/v2\/categories?post=16242"},{"taxonomy":"post_tag","embeddable":true,"href":"https:\/\/shenjester.net\/index.php\/wp-json\/wp\/v2\/tags?post=16242"}],"curies":[{"name":"wp","href":"https:\/\/api.w.org\/{rel}","templated":true}]}}