{"id":16218,"date":"2026-03-10T21:37:27","date_gmt":"2026-03-10T20:37:27","guid":{"rendered":"https:\/\/shenjester.net\/?p=16218"},"modified":"2026-03-10T21:37:27","modified_gmt":"2026-03-10T20:37:27","slug":"therje-me-thike-ne-kacanik-arrestohen-dy-persona-njeri-prej-tyre-i-mitur","status":"publish","type":"post","link":"https:\/\/shenjester.net\/index.php\/2026\/03\/10\/therje-me-thike-ne-kacanik-arrestohen-dy-persona-njeri-prej-tyre-i-mitur\/","title":{"rendered":"Therje me thik\u00eb n\u00eb Ka\u00e7anik: Arrestohen dy persona, nj\u00ebri prej tyre i mitur"},"content":{"rendered":"<p data-path-to-node=\"0\">Dy persona jan\u00eb arrestuar n\u00eb Ka\u00e7anik n\u00ebn dyshimin p\u00ebr therjen me thik\u00eb t\u00eb nj\u00eb 21-vje\u00e7ari.<\/p>\n<p data-path-to-node=\"1\">Sipas Policis\u00eb s\u00eb Kosov\u00ebs, t\u00eb dyshuarit jan\u00eb H.K. (24 vje\u00e7) dhe E.K. (17 vje\u00e7), t\u00eb cil\u00ebt dyshohen\u00a0 t\u00eb h\u00ebn\u00ebn kan\u00eb sulmuar 21-vje\u00e7arin me inicialet SH.K.<\/p>\n<p data-path-to-node=\"2\">Pas intervistimit, me vendim t\u00eb prokurorit t\u00eb shtetit, H.K. \u00ebsht\u00eb d\u00ebrguar n\u00eb mbajtje p\u00ebr 48 or\u00eb, nd\u00ebrsa i mituri E.K. p\u00ebr 24 or\u00eb.<\/p>\n<p data-path-to-node=\"3\">Policia b\u00ebri t\u00eb ditur se hetimet po vazhdojn\u00eb p\u00ebr identifikimin e personave t\u00eb tjer\u00eb t\u00eb p\u00ebrfshir\u00eb n\u00eb rast.<\/p>\n<p data-path-to-node=\"4\">Ndaj t\u00eb dyshuarve jan\u00eb iniciuar veprat penale \u201cL\u00ebndim i r\u00ebnd\u00eb trupor n\u00eb bashk\u00ebkryerje\u201d, \u201cPjes\u00ebmarrje n\u00eb rrahje\u201d dhe \u201cKanosje\u201d.<\/p>\n<p data-path-to-node=\"4\">Nj\u00eb i dyshuar tjet\u00ebr ishte arrestuar edhe n\u00eb nat\u00ebn e ngjarjes.<\/p>\n","protected":false},"excerpt":{"rendered":"<p>Dy persona jan\u00eb arrestuar n\u00eb Ka\u00e7anik n\u00ebn dyshimin p\u00ebr therjen me thik\u00eb t\u00eb nj\u00eb 21-vje\u00e7ari. Sipas Policis\u00eb s\u00eb Kosov\u00ebs, t\u00eb dyshuarit jan\u00eb H.K. (24 vje\u00e7) dhe E.K. (17 vje\u00e7), t\u00eb cil\u00ebt dyshohen\u00a0 t\u00eb h\u00ebn\u00ebn kan\u00eb sulmuar 21-vje\u00e7arin me inicialet SH.K. Pas intervistimit, me vendim t\u00eb prokurorit t\u00eb shtetit, H.K. \u00ebsht\u00eb d\u00ebrguar n\u00eb mbajtje p\u00ebr 48 or\u00eb, nd\u00ebrsa i mituri E.K. p\u00ebr 24 or\u00eb. Policia b\u00ebri t\u00eb ditur se hetimet po vazhdojn\u00eb p\u00ebr identifikimin e personave t\u00eb tjer\u00eb t\u00eb p\u00ebrfshir\u00eb n\u00eb rast. Ndaj t\u00eb dyshuarve jan\u00eb iniciuar veprat penale \u201cL\u00ebndim i r\u00ebnd\u00eb trupor n\u00eb bashk\u00ebkryerje\u201d, \u201cPjes\u00ebmarrje n\u00eb rrahje\u201d dhe \u201cKanosje\u201d. Nj\u00eb<\/p>\n","protected":false},"author":7,"featured_media":6144,"comment_status":"open","ping_status":"open","sticky":false,"template":"","format":"standard","meta":{"rank_math_lock_modified_date":false,"slim_seo":[],"footnotes":""},"categories":[1],"tags":[],"_links":{"self":[{"href":"https:\/\/shenjester.net\/index.php\/wp-json\/wp\/v2\/posts\/16218"}],"collection":[{"href":"https:\/\/shenjester.net\/index.php\/wp-json\/wp\/v2\/posts"}],"about":[{"href":"https:\/\/shenjester.net\/index.php\/wp-json\/wp\/v2\/types\/post"}],"author":[{"embeddable":true,"href":"https:\/\/shenjester.net\/index.php\/wp-json\/wp\/v2\/users\/7"}],"replies":[{"embeddable":true,"href":"https:\/\/shenjester.net\/index.php\/wp-json\/wp\/v2\/comments?post=16218"}],"version-history":[{"count":2,"href":"https:\/\/shenjester.net\/index.php\/wp-json\/wp\/v2\/posts\/16218\/revisions"}],"predecessor-version":[{"id":16220,"href":"https:\/\/shenjester.net\/index.php\/wp-json\/wp\/v2\/posts\/16218\/revisions\/16220"}],"wp:featuredmedia":[{"embeddable":true,"href":"https:\/\/shenjester.net\/index.php\/wp-json\/wp\/v2\/media\/6144"}],"wp:attachment":[{"href":"https:\/\/shenjester.net\/index.php\/wp-json\/wp\/v2\/media?parent=16218"}],"wp:term":[{"taxonomy":"category","embeddable":true,"href":"https:\/\/shenjester.net\/index.php\/wp-json\/wp\/v2\/categories?post=16218"},{"taxonomy":"post_tag","embeddable":true,"href":"https:\/\/shenjester.net\/index.php\/wp-json\/wp\/v2\/tags?post=16218"}],"curies":[{"name":"wp","href":"https:\/\/api.w.org\/{rel}","templated":true}]}}