{"id":16213,"date":"2026-03-10T20:48:36","date_gmt":"2026-03-10T19:48:36","guid":{"rendered":"https:\/\/shenjester.net\/?p=16213"},"modified":"2026-03-10T20:48:36","modified_gmt":"2026-03-10T19:48:36","slug":"reagim-i-ashper-nga-richard-grenell-deklaratat-e-presidentes-osmani-nuk-jane-te-verteta","status":"publish","type":"post","link":"https:\/\/shenjester.net\/index.php\/2026\/03\/10\/reagim-i-ashper-nga-richard-grenell-deklaratat-e-presidentes-osmani-nuk-jane-te-verteta\/","title":{"rendered":"Reagim i ashp\u00ebr nga Richard Grenell: Deklaratat e presidentes Osmani nuk jan\u00eb t\u00eb v\u00ebrteta"},"content":{"rendered":"<p>I d\u00ebrguari i presidentit amerikan p\u00ebr misione t\u00eb posa\u00e7me, Richard Grenell, ka reaguar ashp\u00ebr ndaj deklarat\u00ebs s\u00eb presidentes s\u00eb Kosov\u00ebs, Vjosa Osmani, e cila tha se administrata e Donald Trump \u00ebsht\u00eb m\u00eb pro-Kosov\u00eb q\u00eb nga koha e George W. Bush.<\/p>\n<p>N\u00eb nj\u00eb postim n\u00eb rrjetin social X (Twitter), Grenell shkroi se deklarata e Osmanit nuk \u00ebsht\u00eb e v\u00ebrtet\u00eb.<\/p>\n<p><em><strong>\u201cAjo po g\u00ebnjen. Ekipi Kurti\/Osmani ka qen\u00eb nj\u00eb katastrof\u00eb dhe t\u00eb gjith\u00eb e shohim qart\u00eb k\u00ebt\u00eb. Ajo thot\u00eb gjith\u00e7ka p\u00ebr mbijetes\u00ebn e saj politike\u201d<\/strong><\/em>, shkroi ai.<\/p>\n<p>M\u00eb her\u00ebt, Grenell kishte reaguar edhe ndaj shp\u00ebrndarjes s\u00eb Kuvendit t\u00eb Kosov\u00ebs, duke p\u00ebrmendur mund\u00ebsin\u00eb e rikthimit n\u00eb politik\u00eb t\u00eb ish-presidentit Hashim Tha\u00e7i dhe madje duke sugjeruar se ai mund t\u00eb b\u00ebhet kryeminist\u00ebr n\u00eb t\u00eb ardhmen.<\/p>\n<p>Reagimet vijn\u00eb n\u00eb nj\u00eb koh\u00eb kur Gjykata Kushtetuese e Kosov\u00ebs ka vendosur mas\u00eb t\u00eb p\u00ebrkohshme ndaj dekretit t\u00eb presidentes Osmani p\u00ebr shp\u00ebrndarjen e Kuvendit, duke bllokuar p\u00ebrkoh\u00ebsisht procesin p\u00ebr shpalljen e zgjedhjeve t\u00eb reja.<\/p>\n<p>Osmani kishte shpallur m\u00eb 6 mars dekretin p\u00ebr shp\u00ebrndarjen e Kuvendit, pasi institucionet nuk arrit\u00ebn t\u00eb zgjedhin presidentin brenda afatit kushtetues, nd\u00ebrsa partit\u00eb politike jan\u00eb ftuar p\u00ebr konsultime rreth dat\u00ebs s\u00eb zgjedhjeve.<\/p>\n","protected":false},"excerpt":{"rendered":"<p>I d\u00ebrguari i presidentit amerikan p\u00ebr misione t\u00eb posa\u00e7me, Richard Grenell, ka reaguar ashp\u00ebr ndaj deklarat\u00ebs s\u00eb presidentes s\u00eb Kosov\u00ebs, Vjosa Osmani, e cila tha se administrata e Donald Trump \u00ebsht\u00eb m\u00eb pro-Kosov\u00eb q\u00eb nga koha e George W. Bush. N\u00eb nj\u00eb postim n\u00eb rrjetin social X (Twitter), Grenell shkroi se deklarata e Osmanit nuk \u00ebsht\u00eb e v\u00ebrtet\u00eb. \u201cAjo po g\u00ebnjen. Ekipi Kurti\/Osmani ka qen\u00eb nj\u00eb katastrof\u00eb dhe t\u00eb gjith\u00eb e shohim qart\u00eb k\u00ebt\u00eb. Ajo thot\u00eb gjith\u00e7ka p\u00ebr mbijetes\u00ebn e saj politike\u201d, shkroi ai. M\u00eb her\u00ebt, Grenell kishte reaguar edhe ndaj shp\u00ebrndarjes s\u00eb Kuvendit t\u00eb Kosov\u00ebs, duke p\u00ebrmendur mund\u00ebsin\u00eb e<\/p>\n","protected":false},"author":7,"featured_media":16214,"comment_status":"open","ping_status":"open","sticky":false,"template":"","format":"standard","meta":{"rank_math_lock_modified_date":false,"slim_seo":[],"footnotes":""},"categories":[1],"tags":[],"_links":{"self":[{"href":"https:\/\/shenjester.net\/index.php\/wp-json\/wp\/v2\/posts\/16213"}],"collection":[{"href":"https:\/\/shenjester.net\/index.php\/wp-json\/wp\/v2\/posts"}],"about":[{"href":"https:\/\/shenjester.net\/index.php\/wp-json\/wp\/v2\/types\/post"}],"author":[{"embeddable":true,"href":"https:\/\/shenjester.net\/index.php\/wp-json\/wp\/v2\/users\/7"}],"replies":[{"embeddable":true,"href":"https:\/\/shenjester.net\/index.php\/wp-json\/wp\/v2\/comments?post=16213"}],"version-history":[{"count":1,"href":"https:\/\/shenjester.net\/index.php\/wp-json\/wp\/v2\/posts\/16213\/revisions"}],"predecessor-version":[{"id":16215,"href":"https:\/\/shenjester.net\/index.php\/wp-json\/wp\/v2\/posts\/16213\/revisions\/16215"}],"wp:featuredmedia":[{"embeddable":true,"href":"https:\/\/shenjester.net\/index.php\/wp-json\/wp\/v2\/media\/16214"}],"wp:attachment":[{"href":"https:\/\/shenjester.net\/index.php\/wp-json\/wp\/v2\/media?parent=16213"}],"wp:term":[{"taxonomy":"category","embeddable":true,"href":"https:\/\/shenjester.net\/index.php\/wp-json\/wp\/v2\/categories?post=16213"},{"taxonomy":"post_tag","embeddable":true,"href":"https:\/\/shenjester.net\/index.php\/wp-json\/wp\/v2\/tags?post=16213"}],"curies":[{"name":"wp","href":"https:\/\/api.w.org\/{rel}","templated":true}]}}