{"id":16208,"date":"2026-03-10T19:42:10","date_gmt":"2026-03-10T18:42:10","guid":{"rendered":"https:\/\/shenjester.net\/?p=16208"},"modified":"2026-03-11T12:40:39","modified_gmt":"2026-03-11T11:40:39","slug":"marta-kos-shtyn-viziten-ne-kosove-pas-vendimit-te-kushtetueses","status":"publish","type":"post","link":"https:\/\/shenjester.net\/index.php\/2026\/03\/10\/marta-kos-shtyn-viziten-ne-kosove-pas-vendimit-te-kushtetueses\/","title":{"rendered":"Marta Kos shtyn vizit\u00ebn n\u00eb Kosov\u00eb pas vendimit t\u00eb Kushtetueses"},"content":{"rendered":"<p>Komisionerja p\u00ebr Zgjerim e Komisionit Evropian, Marta Kos, e ka shtyr\u00eb vizit\u00ebn e planifikuar n\u00eb Kosov\u00eb p\u00ebr shkak t\u00eb zhvillimeve t\u00eb fundit politike.<\/p>\n<p>Sipas njoftimit t\u00eb Komisionit Evropian m\u00eb 10 mars 2026, gjat\u00eb nj\u00eb bisede telefonike me kryeministrin Albin Kurti, Kos e informoi at\u00eb se udh\u00ebtimi i saj do t\u00eb shtyhet.<\/p>\n<p>Vendimi vjen nj\u00eb dit\u00eb pasi Gjykata Kushtetuese e Kosov\u00ebs vendosi mas\u00eb t\u00eb p\u00ebrkohshme ndaj dekretit t\u00eb presidentes Vjosa Osmani p\u00ebr shp\u00ebrndarjen e Kuvendit t\u00eb Kosov\u00ebs.<\/p>\n<p>Kushtetuesja ndaloi p\u00ebrkoh\u00ebsisht \u00e7do veprim t\u00eb presidentes lidhur me dekretin dhe \u00e7do veprim t\u00eb Kuvendit deri n\u00eb fund t\u00eb marsit, duke e bllokuar p\u00ebrkoh\u00ebsisht procesin p\u00ebr zgjedhjen e presidentit ose shpalljen e zgjedhjeve t\u00eb reja.<\/p>\n","protected":false},"excerpt":{"rendered":"<p>Komisionerja p\u00ebr Zgjerim e Komisionit Evropian, Marta Kos, e ka shtyr\u00eb vizit\u00ebn e planifikuar n\u00eb Kosov\u00eb p\u00ebr shkak t\u00eb zhvillimeve t\u00eb fundit politike. Sipas njoftimit t\u00eb Komisionit Evropian m\u00eb 10 mars 2026, gjat\u00eb nj\u00eb bisede telefonike me kryeministrin Albin Kurti, Kos e informoi at\u00eb se udh\u00ebtimi i saj do t\u00eb shtyhet. Vendimi vjen nj\u00eb dit\u00eb pasi Gjykata Kushtetuese e Kosov\u00ebs vendosi mas\u00eb t\u00eb p\u00ebrkohshme ndaj dekretit t\u00eb presidentes Vjosa Osmani p\u00ebr shp\u00ebrndarjen e Kuvendit t\u00eb Kosov\u00ebs. Kushtetuesja ndaloi p\u00ebrkoh\u00ebsisht \u00e7do veprim t\u00eb presidentes lidhur me dekretin dhe \u00e7do veprim t\u00eb Kuvendit deri n\u00eb fund t\u00eb marsit, duke e bllokuar p\u00ebrkoh\u00ebsisht<\/p>\n","protected":false},"author":7,"featured_media":16222,"comment_status":"open","ping_status":"open","sticky":false,"template":"","format":"standard","meta":{"rank_math_lock_modified_date":false,"slim_seo":[],"footnotes":""},"categories":[1],"tags":[63],"_links":{"self":[{"href":"https:\/\/shenjester.net\/index.php\/wp-json\/wp\/v2\/posts\/16208"}],"collection":[{"href":"https:\/\/shenjester.net\/index.php\/wp-json\/wp\/v2\/posts"}],"about":[{"href":"https:\/\/shenjester.net\/index.php\/wp-json\/wp\/v2\/types\/post"}],"author":[{"embeddable":true,"href":"https:\/\/shenjester.net\/index.php\/wp-json\/wp\/v2\/users\/7"}],"replies":[{"embeddable":true,"href":"https:\/\/shenjester.net\/index.php\/wp-json\/wp\/v2\/comments?post=16208"}],"version-history":[{"count":2,"href":"https:\/\/shenjester.net\/index.php\/wp-json\/wp\/v2\/posts\/16208\/revisions"}],"predecessor-version":[{"id":16211,"href":"https:\/\/shenjester.net\/index.php\/wp-json\/wp\/v2\/posts\/16208\/revisions\/16211"}],"wp:featuredmedia":[{"embeddable":true,"href":"https:\/\/shenjester.net\/index.php\/wp-json\/wp\/v2\/media\/16222"}],"wp:attachment":[{"href":"https:\/\/shenjester.net\/index.php\/wp-json\/wp\/v2\/media?parent=16208"}],"wp:term":[{"taxonomy":"category","embeddable":true,"href":"https:\/\/shenjester.net\/index.php\/wp-json\/wp\/v2\/categories?post=16208"},{"taxonomy":"post_tag","embeddable":true,"href":"https:\/\/shenjester.net\/index.php\/wp-json\/wp\/v2\/tags?post=16208"}],"curies":[{"name":"wp","href":"https:\/\/api.w.org\/{rel}","templated":true}]}}