{"id":16193,"date":"2026-03-10T15:08:26","date_gmt":"2026-03-10T14:08:26","guid":{"rendered":"https:\/\/shenjester.net\/?p=16193"},"modified":"2026-03-10T15:08:26","modified_gmt":"2026-03-10T14:08:26","slug":"rodrygo-operohet-mungon-rreth-10-muaj","status":"publish","type":"post","link":"https:\/\/shenjester.net\/index.php\/2026\/03\/10\/rodrygo-operohet-mungon-rreth-10-muaj\/","title":{"rendered":"Rodrygo operohet, mungon rreth 10 muaj"},"content":{"rendered":"<p>Sulmuesi i krahut i Real Madridit, Rodrygo, i \u00ebsht\u00eb n\u00ebnshtruar sot nj\u00eb nd\u00ebrhyrjeje kirurgjikale, njoftoi faqja zyrtare e klubit k\u00ebt\u00eb t\u00eb mart\u00eb.<\/p>\n<p>Vet\u00ebm nj\u00eb jav\u00eb m\u00eb par\u00eb, 25-vje\u00e7ari brazilian u diagnostikua me k\u00ebputje t\u00eb ligamentit t\u00eb kryq\u00ebzuar anterior (ACL) dhe d\u00ebmtim t\u00eb meniskut lateral.<\/p>\n<p>Rodrygo pritet t\u00eb jet\u00eb jasht\u00eb fushave p\u00ebr t\u00eb pakt\u00ebn 10 muaj, gj\u00eb q\u00eb konfirmon se ai do t\u00eb humbas\u00eb zyrtarisht Kup\u00ebn e Bot\u00ebs 2026.<\/p>\n","protected":false},"excerpt":{"rendered":"<p>Sulmuesi i krahut i Real Madridit, Rodrygo, i \u00ebsht\u00eb n\u00ebnshtruar sot nj\u00eb nd\u00ebrhyrjeje kirurgjikale, njoftoi faqja zyrtare e klubit k\u00ebt\u00eb t\u00eb mart\u00eb. Vet\u00ebm nj\u00eb jav\u00eb m\u00eb par\u00eb, 25-vje\u00e7ari brazilian u diagnostikua me k\u00ebputje t\u00eb ligamentit t\u00eb kryq\u00ebzuar anterior (ACL) dhe d\u00ebmtim t\u00eb meniskut lateral. Rodrygo pritet t\u00eb jet\u00eb jasht\u00eb fushave p\u00ebr t\u00eb pakt\u00ebn 10 muaj, gj\u00eb q\u00eb konfirmon se ai do t\u00eb humbas\u00eb zyrtarisht Kup\u00ebn e Bot\u00ebs 2026.<\/p>\n","protected":false},"author":7,"featured_media":16194,"comment_status":"open","ping_status":"open","sticky":false,"template":"","format":"standard","meta":{"rank_math_lock_modified_date":false,"slim_seo":[],"footnotes":""},"categories":[3],"tags":[],"_links":{"self":[{"href":"https:\/\/shenjester.net\/index.php\/wp-json\/wp\/v2\/posts\/16193"}],"collection":[{"href":"https:\/\/shenjester.net\/index.php\/wp-json\/wp\/v2\/posts"}],"about":[{"href":"https:\/\/shenjester.net\/index.php\/wp-json\/wp\/v2\/types\/post"}],"author":[{"embeddable":true,"href":"https:\/\/shenjester.net\/index.php\/wp-json\/wp\/v2\/users\/7"}],"replies":[{"embeddable":true,"href":"https:\/\/shenjester.net\/index.php\/wp-json\/wp\/v2\/comments?post=16193"}],"version-history":[{"count":1,"href":"https:\/\/shenjester.net\/index.php\/wp-json\/wp\/v2\/posts\/16193\/revisions"}],"predecessor-version":[{"id":16195,"href":"https:\/\/shenjester.net\/index.php\/wp-json\/wp\/v2\/posts\/16193\/revisions\/16195"}],"wp:featuredmedia":[{"embeddable":true,"href":"https:\/\/shenjester.net\/index.php\/wp-json\/wp\/v2\/media\/16194"}],"wp:attachment":[{"href":"https:\/\/shenjester.net\/index.php\/wp-json\/wp\/v2\/media?parent=16193"}],"wp:term":[{"taxonomy":"category","embeddable":true,"href":"https:\/\/shenjester.net\/index.php\/wp-json\/wp\/v2\/categories?post=16193"},{"taxonomy":"post_tag","embeddable":true,"href":"https:\/\/shenjester.net\/index.php\/wp-json\/wp\/v2\/tags?post=16193"}],"curies":[{"name":"wp","href":"https:\/\/api.w.org\/{rel}","templated":true}]}}