{"id":16179,"date":"2026-03-09T23:32:37","date_gmt":"2026-03-09T22:32:37","guid":{"rendered":"https:\/\/shenjester.net\/?p=16179"},"modified":"2026-03-09T23:32:37","modified_gmt":"2026-03-09T22:32:37","slug":"arrestohet-ne-shqiperi-i-denuari-per-trafik-dhe-prodhim-droge","status":"publish","type":"post","link":"https:\/\/shenjester.net\/index.php\/2026\/03\/09\/arrestohet-ne-shqiperi-i-denuari-per-trafik-dhe-prodhim-droge\/","title":{"rendered":"Arrestohet n\u00eb Shqip\u00ebri i d\u00ebnuari p\u00ebr trafik dhe prodhim droge"},"content":{"rendered":"<p data-path-to-node=\"1\">V. P., 37 vje\u00e7, i d\u00ebnuar me 9 vjet e 4 muaj burgim p\u00ebr trafikim, prodhim dhe shitje t\u00eb l\u00ebnd\u00ebve narkotike n\u00eb kuad\u00ebr t\u00eb nj\u00eb grupi t\u00eb strukturuar kriminal, \u00ebsht\u00eb arrestuar nga Policia e Shqip\u00ebris\u00eb.<\/p>\n<p data-path-to-node=\"2\">Ai u kap gjat\u00eb operacionit t\u00eb koduar \u201cTargeti\u201d, n\u00eb fshatin Pishkash, pas sigurimit t\u00eb informacionit mbi vendndodhjen e tij. N\u00eb momentin q\u00eb ka v\u00ebrejtur pranin\u00eb e policis\u00eb, ka tentuar t\u00eb largohet, por \u00ebsht\u00eb neutralizuar dhe v\u00ebn\u00eb n\u00eb pranga nga forcat e rendit.<\/p>\n<p data-path-to-node=\"3\">Arrestimi u realizua nga sh\u00ebrbimet operative t\u00eb Drejtoris\u00eb Vendore t\u00eb Policis\u00eb Elbasan n\u00eb bashk\u00ebpunim me Forc\u00ebn e Posa\u00e7me \u201cShqiponja\u201d.<\/p>\n<p data-path-to-node=\"4\">Gjykata e Posa\u00e7me e Shkall\u00ebs s\u00eb Par\u00eb p\u00ebr Korrupsionin dhe Krimin e Organizuar e kishte d\u00ebnuar V. P. p\u00ebr veprat penale t\u00eb kryera n\u00eb kuad\u00ebr t\u00eb grupit t\u00eb strukturuar kriminal. Nga d\u00ebnimi i p\u00ebrgjithsh\u00ebm, atij i mbeten p\u00ebr t\u00eb vuajtur edhe 4 vjet, 7 muaj e 18 dit\u00eb burg.<\/p>\n<p data-path-to-node=\"5\">Pas arrestimit, V. P. do t\u2019i dor\u00ebzohet Drejtoris\u00eb s\u00eb P\u00ebrgjithshme t\u00eb Burgjeve p\u00ebr procedurat e m\u00ebtejshme.<\/p>\n","protected":false},"excerpt":{"rendered":"<p>V. P., 37 vje\u00e7, i d\u00ebnuar me 9 vjet e 4 muaj burgim p\u00ebr trafikim, prodhim dhe shitje t\u00eb l\u00ebnd\u00ebve narkotike n\u00eb kuad\u00ebr t\u00eb nj\u00eb grupi t\u00eb strukturuar kriminal, \u00ebsht\u00eb arrestuar nga Policia e Shqip\u00ebris\u00eb. Ai u kap gjat\u00eb operacionit t\u00eb koduar \u201cTargeti\u201d, n\u00eb fshatin Pishkash, pas sigurimit t\u00eb informacionit mbi vendndodhjen e tij. N\u00eb momentin q\u00eb ka v\u00ebrejtur pranin\u00eb e policis\u00eb, ka tentuar t\u00eb largohet, por \u00ebsht\u00eb neutralizuar dhe v\u00ebn\u00eb n\u00eb pranga nga forcat e rendit. Arrestimi u realizua nga sh\u00ebrbimet operative t\u00eb Drejtoris\u00eb Vendore t\u00eb Policis\u00eb Elbasan n\u00eb bashk\u00ebpunim me Forc\u00ebn e Posa\u00e7me \u201cShqiponja\u201d. Gjykata e Posa\u00e7me e<\/p>\n","protected":false},"author":7,"featured_media":11687,"comment_status":"open","ping_status":"open","sticky":false,"template":"","format":"standard","meta":{"rank_math_lock_modified_date":false,"slim_seo":[],"footnotes":""},"categories":[1],"tags":[],"_links":{"self":[{"href":"https:\/\/shenjester.net\/index.php\/wp-json\/wp\/v2\/posts\/16179"}],"collection":[{"href":"https:\/\/shenjester.net\/index.php\/wp-json\/wp\/v2\/posts"}],"about":[{"href":"https:\/\/shenjester.net\/index.php\/wp-json\/wp\/v2\/types\/post"}],"author":[{"embeddable":true,"href":"https:\/\/shenjester.net\/index.php\/wp-json\/wp\/v2\/users\/7"}],"replies":[{"embeddable":true,"href":"https:\/\/shenjester.net\/index.php\/wp-json\/wp\/v2\/comments?post=16179"}],"version-history":[{"count":1,"href":"https:\/\/shenjester.net\/index.php\/wp-json\/wp\/v2\/posts\/16179\/revisions"}],"predecessor-version":[{"id":16180,"href":"https:\/\/shenjester.net\/index.php\/wp-json\/wp\/v2\/posts\/16179\/revisions\/16180"}],"wp:featuredmedia":[{"embeddable":true,"href":"https:\/\/shenjester.net\/index.php\/wp-json\/wp\/v2\/media\/11687"}],"wp:attachment":[{"href":"https:\/\/shenjester.net\/index.php\/wp-json\/wp\/v2\/media?parent=16179"}],"wp:term":[{"taxonomy":"category","embeddable":true,"href":"https:\/\/shenjester.net\/index.php\/wp-json\/wp\/v2\/categories?post=16179"},{"taxonomy":"post_tag","embeddable":true,"href":"https:\/\/shenjester.net\/index.php\/wp-json\/wp\/v2\/tags?post=16179"}],"curies":[{"name":"wp","href":"https:\/\/api.w.org\/{rel}","templated":true}]}}