{"id":16173,"date":"2026-03-09T22:57:56","date_gmt":"2026-03-09T21:57:56","guid":{"rendered":"https:\/\/shenjester.net\/?p=16173"},"modified":"2026-03-09T22:57:56","modified_gmt":"2026-03-09T21:57:56","slug":"hetuesja-ne-prishtine-perfundon-me-aktakuze-per-keqperdorim-te-detyres-zyrtare","status":"publish","type":"post","link":"https:\/\/shenjester.net\/index.php\/2026\/03\/09\/hetuesja-ne-prishtine-perfundon-me-aktakuze-per-keqperdorim-te-detyres-zyrtare\/","title":{"rendered":"Hetuesja n\u00eb Prishtin\u00eb p\u00ebrfundon me aktakuz\u00eb p\u00ebr keqp\u00ebrdorim t\u00eb detyr\u00ebs zyrtare"},"content":{"rendered":"<p>Prokuroria Themelore n\u00eb Prishtin\u00eb ka ngritur aktakuz\u00eb ndaj nj\u00eb hetueseje policore me inicialet F.B., n\u00ebn dyshimin p\u00ebr vepr\u00ebn penale \u201ckeqp\u00ebrdorim i informat\u00ebs zyrtare\u201d.<\/p>\n<p>Sipas njoftimit, aktakuza \u00ebsht\u00eb ngritur nga Departamenti p\u00ebr Krime t\u00eb R\u00ebnda, Nj\u00ebsiti p\u00ebr Krime Ekonomike dhe Korrupsion, pasi e dyshuara, n\u00eb cil\u00ebsin\u00eb e hetueses n\u00eb ekipin p\u00ebr Hetimin e Personave t\u00eb Zhdukur, dyshohet se ka p\u00ebrdorur n\u00eb m\u00ebnyr\u00eb t\u00eb kund\u00ebrligjshme informatat zyrtare n\u00eb t\u00eb cilat kishte qasje p\u00ebr shkak t\u00eb detyr\u00ebs s\u00eb saj.<\/p>\n<p>Sipas aktakuz\u00ebs, me k\u00ebrkes\u00eb t\u00eb nj\u00eb miku t\u00eb saj me inicialet A.P., ajo \u00ebsht\u00eb ky\u00e7ur p\u00ebrmes llogaris\u00eb zyrtare n\u00eb Sistemin Informativ t\u00eb Policis\u00eb s\u00eb Kosov\u00ebs dhe ka siguruar t\u00eb dh\u00ebnat personale dhe t\u00eb kaluar\u00ebn kriminale t\u00eb nj\u00eb personi me inicialet F.M.<\/p>\n<p>Prokuroria thot\u00eb se k\u00ebto t\u00eb dh\u00ebna ajo ia ka d\u00ebrguar p\u00ebrmes aplikacionit WhatsApp personit A.P., i cili m\u00eb pas dyshohet se i ka publikuar ato n\u00eb nj\u00eb emision televiziv m\u00eb 20 dhjetor 2025, me q\u00ebllim diskreditimin e personit t\u00eb d\u00ebmtuar.<\/p>\n<p>Prokuroria ka theksuar se do t\u00eb vazhdoj\u00eb pun\u00ebn n\u00eb luftimin e dukurive t\u00eb tilla dhe n\u00eb mbrojtjen e informatave konfidenciale q\u00eb kan\u00eb ndikim n\u00eb jet\u00ebn e qytetar\u00ebve.<\/p>\n","protected":false},"excerpt":{"rendered":"<p>Prokuroria Themelore n\u00eb Prishtin\u00eb ka ngritur aktakuz\u00eb ndaj nj\u00eb hetueseje policore me inicialet F.B., n\u00ebn dyshimin p\u00ebr vepr\u00ebn penale \u201ckeqp\u00ebrdorim i informat\u00ebs zyrtare\u201d. Sipas njoftimit, aktakuza \u00ebsht\u00eb ngritur nga Departamenti p\u00ebr Krime t\u00eb R\u00ebnda, Nj\u00ebsiti p\u00ebr Krime Ekonomike dhe Korrupsion, pasi e dyshuara, n\u00eb cil\u00ebsin\u00eb e hetueses n\u00eb ekipin p\u00ebr Hetimin e Personave t\u00eb Zhdukur, dyshohet se ka p\u00ebrdorur n\u00eb m\u00ebnyr\u00eb t\u00eb kund\u00ebrligjshme informatat zyrtare n\u00eb t\u00eb cilat kishte qasje p\u00ebr shkak t\u00eb detyr\u00ebs s\u00eb saj. Sipas aktakuz\u00ebs, me k\u00ebrkes\u00eb t\u00eb nj\u00eb miku t\u00eb saj me inicialet A.P., ajo \u00ebsht\u00eb ky\u00e7ur p\u00ebrmes llogaris\u00eb zyrtare n\u00eb Sistemin Informativ t\u00eb Policis\u00eb s\u00eb<\/p>\n","protected":false},"author":7,"featured_media":14857,"comment_status":"open","ping_status":"open","sticky":false,"template":"","format":"standard","meta":{"rank_math_lock_modified_date":false,"slim_seo":[],"footnotes":""},"categories":[1],"tags":[63],"_links":{"self":[{"href":"https:\/\/shenjester.net\/index.php\/wp-json\/wp\/v2\/posts\/16173"}],"collection":[{"href":"https:\/\/shenjester.net\/index.php\/wp-json\/wp\/v2\/posts"}],"about":[{"href":"https:\/\/shenjester.net\/index.php\/wp-json\/wp\/v2\/types\/post"}],"author":[{"embeddable":true,"href":"https:\/\/shenjester.net\/index.php\/wp-json\/wp\/v2\/users\/7"}],"replies":[{"embeddable":true,"href":"https:\/\/shenjester.net\/index.php\/wp-json\/wp\/v2\/comments?post=16173"}],"version-history":[{"count":1,"href":"https:\/\/shenjester.net\/index.php\/wp-json\/wp\/v2\/posts\/16173\/revisions"}],"predecessor-version":[{"id":16174,"href":"https:\/\/shenjester.net\/index.php\/wp-json\/wp\/v2\/posts\/16173\/revisions\/16174"}],"wp:featuredmedia":[{"embeddable":true,"href":"https:\/\/shenjester.net\/index.php\/wp-json\/wp\/v2\/media\/14857"}],"wp:attachment":[{"href":"https:\/\/shenjester.net\/index.php\/wp-json\/wp\/v2\/media?parent=16173"}],"wp:term":[{"taxonomy":"category","embeddable":true,"href":"https:\/\/shenjester.net\/index.php\/wp-json\/wp\/v2\/categories?post=16173"},{"taxonomy":"post_tag","embeddable":true,"href":"https:\/\/shenjester.net\/index.php\/wp-json\/wp\/v2\/tags?post=16173"}],"curies":[{"name":"wp","href":"https:\/\/api.w.org\/{rel}","templated":true}]}}