{"id":16168,"date":"2026-03-09T22:51:32","date_gmt":"2026-03-09T21:51:32","guid":{"rendered":"https:\/\/shenjester.net\/?p=16168"},"modified":"2026-03-09T22:53:48","modified_gmt":"2026-03-09T21:53:48","slug":"kushtetuesja-pezullon-dekretin-e-presidentes-per-shperndarjen-e-kuvendit","status":"publish","type":"post","link":"https:\/\/shenjester.net\/index.php\/2026\/03\/09\/kushtetuesja-pezullon-dekretin-e-presidentes-per-shperndarjen-e-kuvendit\/","title":{"rendered":"Kushtetuesja &#8220;ngrin&#8221; shp\u00ebrndarjen e Kuvendit: Pezullohet dekreti i Presidentes deri m\u00eb 31 mars"},"content":{"rendered":"<p>Gjykata Kushtetuese e Kosov\u00ebs ka vendosur mas\u00eb t\u00eb p\u00ebrkohshme, duke pezulluar \u00e7do veprim t\u00eb Presidentes Vjosa Osmani lidhur me dekretin p\u00ebr shp\u00ebrndarjen e Kuvendit t\u00eb Kosov\u00ebs, si dhe \u00e7do aktivitet t\u00eb vet\u00eb Kuvendit.<\/p>\n<p>Sipas vendimit, masa hyn n\u00eb fuqi m\u00eb 9 mars 2026 dhe do t\u00eb mbetet aktive deri m\u00eb 31 mars 2026.<\/p>\n<p><em><strong>\u201cVendos: T\u00eb caktoj\u00eb mas\u00ebn e p\u00ebrkohshme me t\u00eb cil\u00ebn ndalohet \u00e7do veprim i Presidentes s\u00eb Republik\u00ebs s\u00eb Kosov\u00ebs n\u00eb lidhje me Dekretin nr. 24\/2026 t\u00eb 6 marsit 2026, si dhe t\u00eb ndalohet \u00e7do veprim i Kuvendit t\u00eb Republik\u00ebs s\u00eb Kosov\u00ebs\u201d,<\/strong><\/em> thuhet n\u00eb aktvendimin e Kushtetueses.<\/p>\n<p>Presidentja Osmani e kishte nxjerr\u00eb dekretin p\u00ebr shp\u00ebrndarjen e Kuvendit m\u00eb 6 mars, pasi brenda afatit kushtetues nuk u arrit t\u00eb zgjidhej Presidenti i ri i vendit. Pas k\u00ebtij hapi, ajo kishte ftuar lider\u00ebt e partive politike n\u00eb konsultime p\u00ebr caktimin e dat\u00ebs s\u00eb zgjedhjeve t\u00eb parakohshme.<\/p>\n<p>N\u00eb nj\u00eb konferenc\u00eb p\u00ebr media t\u00eb mbajtur po at\u00eb dit\u00eb, Osmani deklaroi se vendimi erdhi si pasoj\u00eb e d\u00ebshtimit t\u00eb deputet\u00ebve p\u00ebr t\u00eb p\u00ebrmbushur detyrimet e tyre:<\/p>\n<p><em><strong>\u201cP\u00ebr k\u00ebt\u00eb arsye, kam vendosur t\u00eb shp\u00ebrndaj Kuvendin dhe t\u00eb shpall zgjedhje t\u00eb reja pas konsultimeve me partit\u00eb politike. Qytetar\u00ebt nuk kan\u00eb dashur zgjedhje, por kjo situat\u00eb \u00ebsht\u00eb krijuar nga Kuvendi, i cili d\u00ebshtoi t\u00eb kryente detyr\u00ebn e tij kushtetuese\u201d,<\/strong><\/em> kishte deklaruar ajo.<\/p>\n","protected":false},"excerpt":{"rendered":"<p>Gjykata Kushtetuese e Kosov\u00ebs ka vendosur mas\u00eb t\u00eb p\u00ebrkohshme, duke pezulluar \u00e7do veprim t\u00eb Presidentes Vjosa Osmani lidhur me dekretin p\u00ebr shp\u00ebrndarjen e Kuvendit t\u00eb Kosov\u00ebs, si dhe \u00e7do aktivitet t\u00eb vet\u00eb Kuvendit. Sipas vendimit, masa hyn n\u00eb fuqi m\u00eb 9 mars 2026 dhe do t\u00eb mbetet aktive deri m\u00eb 31 mars 2026. \u201cVendos: T\u00eb caktoj\u00eb mas\u00ebn e p\u00ebrkohshme me t\u00eb cil\u00ebn ndalohet \u00e7do veprim i Presidentes s\u00eb Republik\u00ebs s\u00eb Kosov\u00ebs n\u00eb lidhje me Dekretin nr. 24\/2026 t\u00eb 6 marsit 2026, si dhe t\u00eb ndalohet \u00e7do veprim i Kuvendit t\u00eb Republik\u00ebs s\u00eb Kosov\u00ebs\u201d, thuhet n\u00eb aktvendimin e Kushtetueses. Presidentja Osmani<\/p>\n","protected":false},"author":7,"featured_media":16169,"comment_status":"open","ping_status":"open","sticky":false,"template":"","format":"standard","meta":{"rank_math_lock_modified_date":false,"slim_seo":[],"footnotes":""},"categories":[1],"tags":[63],"_links":{"self":[{"href":"https:\/\/shenjester.net\/index.php\/wp-json\/wp\/v2\/posts\/16168"}],"collection":[{"href":"https:\/\/shenjester.net\/index.php\/wp-json\/wp\/v2\/posts"}],"about":[{"href":"https:\/\/shenjester.net\/index.php\/wp-json\/wp\/v2\/types\/post"}],"author":[{"embeddable":true,"href":"https:\/\/shenjester.net\/index.php\/wp-json\/wp\/v2\/users\/7"}],"replies":[{"embeddable":true,"href":"https:\/\/shenjester.net\/index.php\/wp-json\/wp\/v2\/comments?post=16168"}],"version-history":[{"count":2,"href":"https:\/\/shenjester.net\/index.php\/wp-json\/wp\/v2\/posts\/16168\/revisions"}],"predecessor-version":[{"id":16172,"href":"https:\/\/shenjester.net\/index.php\/wp-json\/wp\/v2\/posts\/16168\/revisions\/16172"}],"wp:featuredmedia":[{"embeddable":true,"href":"https:\/\/shenjester.net\/index.php\/wp-json\/wp\/v2\/media\/16169"}],"wp:attachment":[{"href":"https:\/\/shenjester.net\/index.php\/wp-json\/wp\/v2\/media?parent=16168"}],"wp:term":[{"taxonomy":"category","embeddable":true,"href":"https:\/\/shenjester.net\/index.php\/wp-json\/wp\/v2\/categories?post=16168"},{"taxonomy":"post_tag","embeddable":true,"href":"https:\/\/shenjester.net\/index.php\/wp-json\/wp\/v2\/tags?post=16168"}],"curies":[{"name":"wp","href":"https:\/\/api.w.org\/{rel}","templated":true}]}}