{"id":16162,"date":"2026-03-09T22:40:19","date_gmt":"2026-03-09T21:40:19","guid":{"rendered":"https:\/\/shenjester.net\/?p=16162"},"modified":"2026-03-09T22:40:19","modified_gmt":"2026-03-09T21:40:19","slug":"lajm-i-mire-per-realin-mbappe-stervitet-me-ekipin","status":"publish","type":"post","link":"https:\/\/shenjester.net\/index.php\/2026\/03\/09\/lajm-i-mire-per-realin-mbappe-stervitet-me-ekipin\/","title":{"rendered":"Lajm i mir\u00eb p\u00ebr Realin, Mbappe st\u00ebrvitet me ekipin"},"content":{"rendered":"<p>Sipas gazetarit Fabrizio Romano, sulmuesi i Real Madrid , Kylian Mbapp\u00e9, \u00ebsht\u00eb rikthyer n\u00eb st\u00ebrvitje me ekipin.<\/p>\n<p>Francezi kishte qen\u00eb n\u00eb Paris p\u00ebr nj\u00eb kontroll mjek\u00ebsor lidhur me nj\u00eb shqet\u00ebsim n\u00eb gju. M\u00eb 8 mars u raportua se ylli 27-vje\u00e7ar u kthye n\u00eb Madrid i shoq\u00ebruar nga fizioterapist\u00ebt e \u201cLos Blancos\u201d dhe disa bashk\u00ebpun\u00ebtor\u00eb t\u00eb tij t\u00eb besuar.<\/p>\n<p>Kujtojm\u00eb se Real Madrid  do ta pres\u00eb Manchester Cityn m\u00eb 11 mars n\u00eb kuad\u00ebr t\u00eb UEFA Champions League.<\/p>\n","protected":false},"excerpt":{"rendered":"<p>Sipas gazetarit Fabrizio Romano, sulmuesi i Real Madrid , Kylian Mbapp\u00e9, \u00ebsht\u00eb rikthyer n\u00eb st\u00ebrvitje me ekipin. Francezi kishte qen\u00eb n\u00eb Paris p\u00ebr nj\u00eb kontroll mjek\u00ebsor lidhur me nj\u00eb shqet\u00ebsim n\u00eb gju. M\u00eb 8 mars u raportua se ylli 27-vje\u00e7ar u kthye n\u00eb Madrid i shoq\u00ebruar nga fizioterapist\u00ebt e \u201cLos Blancos\u201d dhe disa bashk\u00ebpun\u00ebtor\u00eb t\u00eb tij t\u00eb besuar. Kujtojm\u00eb se Real Madrid do ta pres\u00eb Manchester Cityn m\u00eb 11 mars n\u00eb kuad\u00ebr t\u00eb UEFA Champions League.<\/p>\n","protected":false},"author":7,"featured_media":16163,"comment_status":"open","ping_status":"open","sticky":false,"template":"","format":"standard","meta":{"rank_math_lock_modified_date":false,"slim_seo":[],"footnotes":""},"categories":[3],"tags":[],"_links":{"self":[{"href":"https:\/\/shenjester.net\/index.php\/wp-json\/wp\/v2\/posts\/16162"}],"collection":[{"href":"https:\/\/shenjester.net\/index.php\/wp-json\/wp\/v2\/posts"}],"about":[{"href":"https:\/\/shenjester.net\/index.php\/wp-json\/wp\/v2\/types\/post"}],"author":[{"embeddable":true,"href":"https:\/\/shenjester.net\/index.php\/wp-json\/wp\/v2\/users\/7"}],"replies":[{"embeddable":true,"href":"https:\/\/shenjester.net\/index.php\/wp-json\/wp\/v2\/comments?post=16162"}],"version-history":[{"count":1,"href":"https:\/\/shenjester.net\/index.php\/wp-json\/wp\/v2\/posts\/16162\/revisions"}],"predecessor-version":[{"id":16164,"href":"https:\/\/shenjester.net\/index.php\/wp-json\/wp\/v2\/posts\/16162\/revisions\/16164"}],"wp:featuredmedia":[{"embeddable":true,"href":"https:\/\/shenjester.net\/index.php\/wp-json\/wp\/v2\/media\/16163"}],"wp:attachment":[{"href":"https:\/\/shenjester.net\/index.php\/wp-json\/wp\/v2\/media?parent=16162"}],"wp:term":[{"taxonomy":"category","embeddable":true,"href":"https:\/\/shenjester.net\/index.php\/wp-json\/wp\/v2\/categories?post=16162"},{"taxonomy":"post_tag","embeddable":true,"href":"https:\/\/shenjester.net\/index.php\/wp-json\/wp\/v2\/tags?post=16162"}],"curies":[{"name":"wp","href":"https:\/\/api.w.org\/{rel}","templated":true}]}}