{"id":16155,"date":"2026-03-09T22:33:36","date_gmt":"2026-03-09T21:33:36","guid":{"rendered":"https:\/\/shenjester.net\/?p=16155"},"modified":"2026-03-09T22:33:36","modified_gmt":"2026-03-09T21:33:36","slug":"neymar-ne-listen-e-zgjeruar-te-brazilit","status":"publish","type":"post","link":"https:\/\/shenjester.net\/index.php\/2026\/03\/09\/neymar-ne-listen-e-zgjeruar-te-brazilit\/","title":{"rendered":"Neymar n\u00eb list\u00ebn e zgjeruar t\u00eb Brazilit"},"content":{"rendered":"<p>Neymar mund t\u00eb ftohet n\u00eb skuadr\u00ebn e Brazilit team p\u00ebr nj\u00eb ndeshje n\u00eb muajin mars.<\/p>\n<p>Sipas raportimeve t\u00eb UOL, sulmuesi i Santos FC \u00ebsht\u00eb p\u00ebrfshir\u00eb n\u00eb list\u00ebn e zgjeruar t\u00eb ekipit komb\u00ebtar, e cila tani p\u00ebrmban mbi 50 emra.<\/p>\n<p>34-vje\u00e7ari nuk do t\u00eb luaj\u00eb kund\u00ebr Mirassol FC m\u00eb 11 mars, q\u00eb do t\u00eb thot\u00eb se do t\u00eb ket\u00eb vet\u00ebm nj\u00eb ndeshje \u2013 ndaj Corinthians \u2013 p\u00ebr ta bindur trajnerin e komb\u00ebtares Carlo Ancelotti q\u00eb ta p\u00ebrfshij\u00eb n\u00eb list\u00ebn p\u00ebr ndeshjet e ardhshme kund\u00ebr Franc\u00ebs dhe Kroacis\u00eb.<\/p>\n<p>Megjithat\u00eb, trajneri italian planifikon t\u00eb jet\u00eb i pranish\u00ebm n\u00eb ndeshjen e radh\u00ebs s\u00eb Santosit dhe t\u00eb zhvilloj\u00eb nj\u00eb bised\u00eb me Neymarin.<\/p>\n<p>Vlen t\u00eb theksohet se ish-ylli i FC Barcelona dhe Paris Saint\u2011Germain F.C. e ka veshur p\u00ebr her\u00eb t\u00eb fundit fanell\u00ebn e Brazilit n\u00eb tetor t\u00eb vitit 2023.<\/p>\n","protected":false},"excerpt":{"rendered":"<p>Neymar mund t\u00eb ftohet n\u00eb skuadr\u00ebn e Brazilit team p\u00ebr nj\u00eb ndeshje n\u00eb muajin mars. Sipas raportimeve t\u00eb UOL, sulmuesi i Santos FC \u00ebsht\u00eb p\u00ebrfshir\u00eb n\u00eb list\u00ebn e zgjeruar t\u00eb ekipit komb\u00ebtar, e cila tani p\u00ebrmban mbi 50 emra. 34-vje\u00e7ari nuk do t\u00eb luaj\u00eb kund\u00ebr Mirassol FC m\u00eb 11 mars, q\u00eb do t\u00eb thot\u00eb se do t\u00eb ket\u00eb vet\u00ebm nj\u00eb ndeshje \u2013 ndaj Corinthians \u2013 p\u00ebr ta bindur trajnerin e komb\u00ebtares Carlo Ancelotti q\u00eb ta p\u00ebrfshij\u00eb n\u00eb list\u00ebn p\u00ebr ndeshjet e ardhshme kund\u00ebr Franc\u00ebs dhe Kroacis\u00eb. Megjithat\u00eb, trajneri italian planifikon t\u00eb jet\u00eb i pranish\u00ebm n\u00eb ndeshjen e radh\u00ebs s\u00eb Santosit<\/p>\n","protected":false},"author":7,"featured_media":16156,"comment_status":"open","ping_status":"open","sticky":false,"template":"","format":"standard","meta":{"rank_math_lock_modified_date":false,"slim_seo":[],"footnotes":""},"categories":[3],"tags":[],"_links":{"self":[{"href":"https:\/\/shenjester.net\/index.php\/wp-json\/wp\/v2\/posts\/16155"}],"collection":[{"href":"https:\/\/shenjester.net\/index.php\/wp-json\/wp\/v2\/posts"}],"about":[{"href":"https:\/\/shenjester.net\/index.php\/wp-json\/wp\/v2\/types\/post"}],"author":[{"embeddable":true,"href":"https:\/\/shenjester.net\/index.php\/wp-json\/wp\/v2\/users\/7"}],"replies":[{"embeddable":true,"href":"https:\/\/shenjester.net\/index.php\/wp-json\/wp\/v2\/comments?post=16155"}],"version-history":[{"count":1,"href":"https:\/\/shenjester.net\/index.php\/wp-json\/wp\/v2\/posts\/16155\/revisions"}],"predecessor-version":[{"id":16157,"href":"https:\/\/shenjester.net\/index.php\/wp-json\/wp\/v2\/posts\/16155\/revisions\/16157"}],"wp:featuredmedia":[{"embeddable":true,"href":"https:\/\/shenjester.net\/index.php\/wp-json\/wp\/v2\/media\/16156"}],"wp:attachment":[{"href":"https:\/\/shenjester.net\/index.php\/wp-json\/wp\/v2\/media?parent=16155"}],"wp:term":[{"taxonomy":"category","embeddable":true,"href":"https:\/\/shenjester.net\/index.php\/wp-json\/wp\/v2\/categories?post=16155"},{"taxonomy":"post_tag","embeddable":true,"href":"https:\/\/shenjester.net\/index.php\/wp-json\/wp\/v2\/tags?post=16155"}],"curies":[{"name":"wp","href":"https:\/\/api.w.org\/{rel}","templated":true}]}}