{"id":16134,"date":"2026-03-07T16:54:46","date_gmt":"2026-03-07T15:54:46","guid":{"rendered":"https:\/\/shenjester.net\/?p=16134"},"modified":"2026-03-09T23:03:40","modified_gmt":"2026-03-09T22:03:40","slug":"arrestohet-pas-kontrollit-policor-sekuestrohen-537-grame-marihuane","status":"publish","type":"post","link":"https:\/\/shenjester.net\/index.php\/2026\/03\/07\/arrestohet-pas-kontrollit-policor-sekuestrohen-537-grame-marihuane\/","title":{"rendered":"Arrestohet pas kontrollit policor, sekuestrohen 537 gram\u00eb marihuan\u00eb"},"content":{"rendered":"<p>Nj\u00eb aksion policor n\u00eb rrug\u00ebn \u201cEnver Maloku\u201d ka p\u00ebrfunduar me arrestimin e nj\u00eb t\u00eb dyshuari kosovar, pas gjetjes s\u00eb nj\u00eb sasie t\u00eb konsiderueshme t\u00eb substancave narkotike.<\/p>\n<p>Ngjarja ka ndodhur mbr\u00ebmjen e s\u00eb premtes n\u00eb Prishtin\u00eb.<\/p>\n<p>Gjat\u00eb kontrollit, policia ka sekuestruar disa qese me substanc\u00eb q\u00eb dyshohet t\u00eb jet\u00eb marihuan\u00eb, me nj\u00eb pesh\u00eb totale prej 537.1 gram\u00ebsh. Materialet jan\u00eb marr\u00eb si prov\u00eb materiale dhe i dyshuari \u00ebsht\u00eb d\u00ebrguar n\u00eb stacion p\u00ebr intervistim.<\/p>\n<p>Pas procedurave fillestare, me vendim t\u00eb prokurorit, ai \u00ebsht\u00eb d\u00ebrguar n\u00eb mbajtje, nd\u00ebrkoh\u00eb q\u00eb hetimet mbi rastin vazhdojn\u00eb.<\/p>\n","protected":false},"excerpt":{"rendered":"<p>Nj\u00eb aksion policor n\u00eb rrug\u00ebn \u201cEnver Maloku\u201d ka p\u00ebrfunduar me arrestimin e nj\u00eb t\u00eb dyshuari kosovar, pas gjetjes s\u00eb nj\u00eb sasie t\u00eb konsiderueshme t\u00eb substancave narkotike. Ngjarja ka ndodhur mbr\u00ebmjen e s\u00eb premtes n\u00eb Prishtin\u00eb. Gjat\u00eb kontrollit, policia ka sekuestruar disa qese me substanc\u00eb q\u00eb dyshohet t\u00eb jet\u00eb marihuan\u00eb, me nj\u00eb pesh\u00eb totale prej 537.1 gram\u00ebsh. Materialet jan\u00eb marr\u00eb si prov\u00eb materiale dhe i dyshuari \u00ebsht\u00eb d\u00ebrguar n\u00eb stacion p\u00ebr intervistim. Pas procedurave fillestare, me vendim t\u00eb prokurorit, ai \u00ebsht\u00eb d\u00ebrguar n\u00eb mbajtje, nd\u00ebrkoh\u00eb q\u00eb hetimet mbi rastin vazhdojn\u00eb.<\/p>\n","protected":false},"author":7,"featured_media":8287,"comment_status":"open","ping_status":"open","sticky":false,"template":"","format":"standard","meta":{"rank_math_lock_modified_date":false,"slim_seo":[],"footnotes":""},"categories":[1],"tags":[],"_links":{"self":[{"href":"https:\/\/shenjester.net\/index.php\/wp-json\/wp\/v2\/posts\/16134"}],"collection":[{"href":"https:\/\/shenjester.net\/index.php\/wp-json\/wp\/v2\/posts"}],"about":[{"href":"https:\/\/shenjester.net\/index.php\/wp-json\/wp\/v2\/types\/post"}],"author":[{"embeddable":true,"href":"https:\/\/shenjester.net\/index.php\/wp-json\/wp\/v2\/users\/7"}],"replies":[{"embeddable":true,"href":"https:\/\/shenjester.net\/index.php\/wp-json\/wp\/v2\/comments?post=16134"}],"version-history":[{"count":2,"href":"https:\/\/shenjester.net\/index.php\/wp-json\/wp\/v2\/posts\/16134\/revisions"}],"predecessor-version":[{"id":16176,"href":"https:\/\/shenjester.net\/index.php\/wp-json\/wp\/v2\/posts\/16134\/revisions\/16176"}],"wp:featuredmedia":[{"embeddable":true,"href":"https:\/\/shenjester.net\/index.php\/wp-json\/wp\/v2\/media\/8287"}],"wp:attachment":[{"href":"https:\/\/shenjester.net\/index.php\/wp-json\/wp\/v2\/media?parent=16134"}],"wp:term":[{"taxonomy":"category","embeddable":true,"href":"https:\/\/shenjester.net\/index.php\/wp-json\/wp\/v2\/categories?post=16134"},{"taxonomy":"post_tag","embeddable":true,"href":"https:\/\/shenjester.net\/index.php\/wp-json\/wp\/v2\/tags?post=16134"}],"curies":[{"name":"wp","href":"https:\/\/api.w.org\/{rel}","templated":true}]}}