{"id":16090,"date":"2026-03-03T16:36:11","date_gmt":"2026-03-03T15:36:11","guid":{"rendered":"https:\/\/shenjester.net\/?p=16090"},"modified":"2026-03-03T16:36:11","modified_gmt":"2026-03-03T15:36:11","slug":"etiketa-fyese-ne-ambasaden-e-kosoves-ne-berlin","status":"publish","type":"post","link":"https:\/\/shenjester.net\/index.php\/2026\/03\/03\/etiketa-fyese-ne-ambasaden-e-kosoves-ne-berlin\/","title":{"rendered":"Etiketa fyese n\u00eb Ambasad\u00ebn e Kosov\u00ebs n\u00eb Berlin"},"content":{"rendered":"<p>Ministria e Pun\u00ebve t\u00eb Jashtme dhe Diaspor\u00ebs e Kosov\u00ebs ka njoftuar se n\u00eb ambientet e jashtme t\u00eb Ambasad\u00ebs s\u00eb Kosov\u00ebs n\u00eb Berlin jan\u00eb vendosur etiketa fyese me p\u00ebrmbajtje shoviniste n\u00eb gjuh\u00ebn serbe.<\/p>\n<p data-start=\"261\" data-end=\"523\">Sipas reagimit zyrtar, mbishkrimet jan\u00eb vendosur mbi pllakatin identifikues t\u00eb objektit dhe p\u00ebrmbajn\u00eb slogane nacionaliste e nxit\u00ebse, p\u00ebrfshir\u00eb mesazhe si: \u201cNuk ka dor\u00ebzim\u201d, \u201cKosova \u00ebsht\u00eb Serbi\u201d, si dhe thirrje t\u00eb tjera me konotacion propagandistik dhe p\u00ebr\u00e7ar\u00ebs.<\/p>\n<p data-start=\"525\" data-end=\"799\">Menj\u00ebher\u00eb pas identifikimit t\u00eb rastit, Ambasada ka njoftuar autoritetet kompetente n\u00eb Gjermani. Policia gjermane \u00ebsht\u00eb informuar dhe pritet t\u00eb nd\u00ebrmarr\u00eb veprimet p\u00ebrkat\u00ebse n\u00eb vendngjarje, duke p\u00ebrfshir\u00eb hetimin e plot\u00eb t\u00eb rrethanave dhe identifikimin e personave p\u00ebrgjegj\u00ebs.<\/p>\n<p data-start=\"801\" data-end=\"976\">N\u00eb reagimin e l\u00ebshuar m\u00eb 03.03.2026, MPJD ka d\u00ebnuar ashp\u00ebr aktin, duke theksuar se \u00e7do form\u00eb vandalizmi dhe gjuh\u00eb urrejtjeje ndaj p\u00ebrfaq\u00ebsive diplomatike \u00ebsht\u00eb e papranueshme.<\/p>\n<p data-start=\"978\" data-end=\"1175\">\u201cMinistria e Pun\u00ebve t\u00eb Jashtme dhe Diaspor\u00ebs d\u00ebnon fuqish\u00ebm \u00e7do akt vandalizmi, gjuh\u00eb urrejtjeje dhe \u00e7do p\u00ebrpjekje p\u00ebr t\u00eb cenuar p\u00ebrfaq\u00ebsit\u00eb diplomatike t\u00eb Republik\u00ebs s\u00eb Kosov\u00ebs\u201d, thuhet n\u00eb reagim.<\/p>\n<p data-start=\"1177\" data-end=\"1329\" data-is-last-node=\"\" data-is-only-node=\"\">Tutje theksohet se veprime t\u00eb tilla bien ndesh me normat dhe konventat nd\u00ebrkomb\u00ebtare q\u00eb garantojn\u00eb paprekshm\u00ebrin\u00eb dhe mbrojtjen e misioneve diplomatike.<\/p>\n","protected":false},"excerpt":{"rendered":"<p>Ministria e Pun\u00ebve t\u00eb Jashtme dhe Diaspor\u00ebs e Kosov\u00ebs ka njoftuar se n\u00eb ambientet e jashtme t\u00eb Ambasad\u00ebs s\u00eb Kosov\u00ebs n\u00eb Berlin jan\u00eb vendosur etiketa fyese me p\u00ebrmbajtje shoviniste n\u00eb gjuh\u00ebn serbe. Sipas reagimit zyrtar, mbishkrimet jan\u00eb vendosur mbi pllakatin identifikues t\u00eb objektit dhe p\u00ebrmbajn\u00eb slogane nacionaliste e nxit\u00ebse, p\u00ebrfshir\u00eb mesazhe si: \u201cNuk ka dor\u00ebzim\u201d, \u201cKosova \u00ebsht\u00eb Serbi\u201d, si dhe thirrje t\u00eb tjera me konotacion propagandistik dhe p\u00ebr\u00e7ar\u00ebs. Menj\u00ebher\u00eb pas identifikimit t\u00eb rastit, Ambasada ka njoftuar autoritetet kompetente n\u00eb Gjermani. Policia gjermane \u00ebsht\u00eb informuar dhe pritet t\u00eb nd\u00ebrmarr\u00eb veprimet p\u00ebrkat\u00ebse n\u00eb vendngjarje, duke p\u00ebrfshir\u00eb hetimin e plot\u00eb t\u00eb rrethanave dhe<\/p>\n","protected":false},"author":7,"featured_media":16091,"comment_status":"open","ping_status":"open","sticky":false,"template":"","format":"standard","meta":{"rank_math_lock_modified_date":false,"slim_seo":[],"footnotes":""},"categories":[1],"tags":[],"_links":{"self":[{"href":"https:\/\/shenjester.net\/index.php\/wp-json\/wp\/v2\/posts\/16090"}],"collection":[{"href":"https:\/\/shenjester.net\/index.php\/wp-json\/wp\/v2\/posts"}],"about":[{"href":"https:\/\/shenjester.net\/index.php\/wp-json\/wp\/v2\/types\/post"}],"author":[{"embeddable":true,"href":"https:\/\/shenjester.net\/index.php\/wp-json\/wp\/v2\/users\/7"}],"replies":[{"embeddable":true,"href":"https:\/\/shenjester.net\/index.php\/wp-json\/wp\/v2\/comments?post=16090"}],"version-history":[{"count":1,"href":"https:\/\/shenjester.net\/index.php\/wp-json\/wp\/v2\/posts\/16090\/revisions"}],"predecessor-version":[{"id":16092,"href":"https:\/\/shenjester.net\/index.php\/wp-json\/wp\/v2\/posts\/16090\/revisions\/16092"}],"wp:featuredmedia":[{"embeddable":true,"href":"https:\/\/shenjester.net\/index.php\/wp-json\/wp\/v2\/media\/16091"}],"wp:attachment":[{"href":"https:\/\/shenjester.net\/index.php\/wp-json\/wp\/v2\/media?parent=16090"}],"wp:term":[{"taxonomy":"category","embeddable":true,"href":"https:\/\/shenjester.net\/index.php\/wp-json\/wp\/v2\/categories?post=16090"},{"taxonomy":"post_tag","embeddable":true,"href":"https:\/\/shenjester.net\/index.php\/wp-json\/wp\/v2\/tags?post=16090"}],"curies":[{"name":"wp","href":"https:\/\/api.w.org\/{rel}","templated":true}]}}