{"id":16058,"date":"2026-03-03T13:43:18","date_gmt":"2026-03-03T12:43:18","guid":{"rendered":"https:\/\/shenjester.net\/?p=16058"},"modified":"2026-03-03T14:13:53","modified_gmt":"2026-03-03T13:13:53","slug":"takimi-i-trete-kurti-abdixhiku-mbyllet-pa-emer-konsensues-per-presidentin","status":"publish","type":"post","link":"https:\/\/shenjester.net\/index.php\/2026\/03\/03\/takimi-i-trete-kurti-abdixhiku-mbyllet-pa-emer-konsensues-per-presidentin\/","title":{"rendered":"Takimi i tret\u00eb Kurti-Abdixhiku: Mbyllet pa em\u00ebr konsensues p\u00ebr Presidentin"},"content":{"rendered":"<p>P\u00ebrfundimi i takimit mes kryeministrit Albin Kurti dhe kryetarit t\u00eb LDK-s\u00eb, Lumir Abdixhiku, nuk ka sjell\u00eb rezultate konkrete p\u00ebr \u00e7\u00ebshtjen e presidentit, edhe pse Kurti e ka cil\u00ebsuar atmosfer\u00ebn si konstruktive.<\/p>\n<p>Megjith\u00ebse pal\u00ebt jan\u00eb takuar tri her\u00eb brenda nj\u00eb jave, zgjidhja mbetet e larg\u00ebt dhe Kurti ka deklaruar se do t\u00eb njoftojn\u00eb sapo t\u00eb ket\u00eb di\u00e7ka t\u00eb re. Pas k\u00ebtij takimi, LDK-ja \u00ebsht\u00eb mbledhur p\u00ebr t\u00eb diskutuar hapat e m\u00ebtutjesh\u00ebm, nd\u00ebrsa n\u00ebnkryetari Kujtim Shala b\u00ebri t\u00eb ditur se nuk \u00ebsht\u00eb folur p\u00ebr emra specifik\u00eb.<\/p>\n<p>Nga ana tjet\u00ebr, Arb\u00ebrie Nagavci nga L\u00ebvizja Vet\u00ebvendosje ka theksuar se po b\u00ebhen p\u00ebrpjekje intensive me t\u00eb gjitha pal\u00ebt p\u00ebr t\u00eb shmangur zgjedhjet e reja, duke vler\u00ebsuar rolin e LDK-s\u00eb si parti me 15 deputet\u00eb.<\/p>\n<p>Abdixhiku ka sqaruar se nuk ka nj\u00eb q\u00ebndrim refuzues ndaj Vjosa Osmanit, por ka th\u00ebn\u00eb se deri m\u00eb tani nuk u \u00ebsht\u00eb propozuar asnj\u00eb em\u00ebr zyrtar me n\u00ebnshkrimet e nevojshme. Matematika e votave mbetet sfida kryesore, pasi sipas Kushtetut\u00ebs nevojiten t\u00eb pakt\u00ebn 80 deputet\u00eb n\u00eb sall\u00eb p\u00ebr t\u00eb validuar procesin.<\/p>\n<p>Kurti\u00a0 ka b\u00ebr\u00eb thirrje q\u00eb t\u00eb sigurohen rreth 84-85 vota p\u00ebr t\u00eb shmangur d\u00ebshtimin q\u00eb do ta \u00e7onte vendin automatikisht n\u00eb zgjedhje. P\u00ebrve\u00e7 Vjosa Osmanit, e cila synon mandatin e dyt\u00eb, jan\u00eb p\u00ebrmendur edhe emra si Murat Jashari, i cili ka refuzuar ambiciet, dhe Arsim Bajrami, nd\u00ebrsa Bedri Hamza nga PDK-ja ka propozuar q\u00eb opozita t\u00eb nxjerr\u00eb kandidatin e saj.<\/p>\n<p>Me afrimin e dat\u00ebs 4 mars, q\u00eb konsiderohet afati i fundit kushtetues, presioni mbi partit\u00eb politike po rritet p\u00ebr t\u00eb gjetur nj\u00eb konsensus q\u00eb parandalon shp\u00ebrb\u00ebrjen e Kuvendit.<\/p>\n","protected":false},"excerpt":{"rendered":"<p>P\u00ebrfundimi i takimit mes kryeministrit Albin Kurti dhe kryetarit t\u00eb LDK-s\u00eb, Lumir Abdixhiku, nuk ka sjell\u00eb rezultate konkrete p\u00ebr \u00e7\u00ebshtjen e presidentit, edhe pse Kurti e ka cil\u00ebsuar atmosfer\u00ebn si konstruktive. Megjith\u00ebse pal\u00ebt jan\u00eb takuar tri her\u00eb brenda nj\u00eb jave, zgjidhja mbetet e larg\u00ebt dhe Kurti ka deklaruar se do t\u00eb njoftojn\u00eb sapo t\u00eb ket\u00eb di\u00e7ka t\u00eb re. Pas k\u00ebtij takimi, LDK-ja \u00ebsht\u00eb mbledhur p\u00ebr t\u00eb diskutuar hapat e m\u00ebtutjesh\u00ebm, nd\u00ebrsa n\u00ebnkryetari Kujtim Shala b\u00ebri t\u00eb ditur se nuk \u00ebsht\u00eb folur p\u00ebr emra specifik\u00eb. Nga ana tjet\u00ebr, Arb\u00ebrie Nagavci nga L\u00ebvizja Vet\u00ebvendosje ka theksuar se po b\u00ebhen p\u00ebrpjekje intensive me<\/p>\n","protected":false},"author":7,"featured_media":16061,"comment_status":"open","ping_status":"open","sticky":false,"template":"","format":"standard","meta":{"rank_math_lock_modified_date":false,"slim_seo":[],"footnotes":""},"categories":[1],"tags":[64],"_links":{"self":[{"href":"https:\/\/shenjester.net\/index.php\/wp-json\/wp\/v2\/posts\/16058"}],"collection":[{"href":"https:\/\/shenjester.net\/index.php\/wp-json\/wp\/v2\/posts"}],"about":[{"href":"https:\/\/shenjester.net\/index.php\/wp-json\/wp\/v2\/types\/post"}],"author":[{"embeddable":true,"href":"https:\/\/shenjester.net\/index.php\/wp-json\/wp\/v2\/users\/7"}],"replies":[{"embeddable":true,"href":"https:\/\/shenjester.net\/index.php\/wp-json\/wp\/v2\/comments?post=16058"}],"version-history":[{"count":4,"href":"https:\/\/shenjester.net\/index.php\/wp-json\/wp\/v2\/posts\/16058\/revisions"}],"predecessor-version":[{"id":16068,"href":"https:\/\/shenjester.net\/index.php\/wp-json\/wp\/v2\/posts\/16058\/revisions\/16068"}],"wp:featuredmedia":[{"embeddable":true,"href":"https:\/\/shenjester.net\/index.php\/wp-json\/wp\/v2\/media\/16061"}],"wp:attachment":[{"href":"https:\/\/shenjester.net\/index.php\/wp-json\/wp\/v2\/media?parent=16058"}],"wp:term":[{"taxonomy":"category","embeddable":true,"href":"https:\/\/shenjester.net\/index.php\/wp-json\/wp\/v2\/categories?post=16058"},{"taxonomy":"post_tag","embeddable":true,"href":"https:\/\/shenjester.net\/index.php\/wp-json\/wp\/v2\/tags?post=16058"}],"curies":[{"name":"wp","href":"https:\/\/api.w.org\/{rel}","templated":true}]}}