{"id":16050,"date":"2026-03-02T23:11:25","date_gmt":"2026-03-02T22:11:25","guid":{"rendered":"https:\/\/shenjester.net\/?p=16050"},"modified":"2026-03-02T23:11:25","modified_gmt":"2026-03-02T22:11:25","slug":"16-vjet-e-6-muaj-burgim-per-sulm-seksual-ndaj-te-miturve-ne-ferizaj","status":"publish","type":"post","link":"https:\/\/shenjester.net\/index.php\/2026\/03\/02\/16-vjet-e-6-muaj-burgim-per-sulm-seksual-ndaj-te-miturve-ne-ferizaj\/","title":{"rendered":"16 vjet e 6 muaj burgim p\u00ebr sulm seksual ndaj t\u00eb miturve n\u00eb Ferizaj"},"content":{"rendered":"<p>Gjykata Themelore n\u00eb Ferizaj \u2013 Departamenti p\u00ebr t\u00eb Mitur, ka shpallur aktgjykim faj\u00ebsues ndaj t\u00eb pandehurit B.S., duke e d\u00ebnuar me 16 vjet e 6 muaj burgim p\u00ebr sulm seksual ndaj t\u00eb miturve.<\/p>\n<p>Sipas gjykat\u00ebs, B.S. \u00ebsht\u00eb shpallur fajtor p\u00ebr dy vepra penale t\u00eb \u201cSulmit seksual\u201d n\u00eb vazhdim\u00ebsi. P\u00ebr secil\u00ebn vep\u00ebr, ai \u00ebsht\u00eb d\u00ebnuar me nga 10 vjet burgim, nd\u00ebrsa d\u00ebnimi unik do t\u00eb ekzekutohet pas plotfuqishm\u00ebris\u00eb s\u00eb aktgjykimit.<\/p>\n<p>B.S. akuzohet se gjat\u00eb periudh\u00ebs qershor\u2013dhjetor 2024 dhe janar\u2013shkurt 2025, ka sulmuar seksualisht t\u00eb mitur t\u00eb mosh\u00ebs 12-13 vje\u00e7, t\u00eb gjinis\u00eb mashkullore. Masa e paraburgimit ndaj tij do t\u00eb vazhdoj\u00eb deri n\u00eb fillimin e vuajtjes s\u00eb d\u00ebnimit, por jo m\u00eb gjat\u00eb se koh\u00ebzgjatja e burgimit t\u00eb shqiptuar.<\/p>\n<p>Pal\u00ebt kan\u00eb t\u00eb drejt\u00eb ankese n\u00eb Gjykat\u00ebn e Apelit, brenda 30 dit\u00ebve nga dita e pranimit t\u00eb aktgjykimit n\u00eb form\u00eb t\u00eb shkruar.<\/p>\n","protected":false},"excerpt":{"rendered":"<p>Gjykata Themelore n\u00eb Ferizaj \u2013 Departamenti p\u00ebr t\u00eb Mitur, ka shpallur aktgjykim faj\u00ebsues ndaj t\u00eb pandehurit B.S., duke e d\u00ebnuar me 16 vjet e 6 muaj burgim p\u00ebr sulm seksual ndaj t\u00eb miturve. Sipas gjykat\u00ebs, B.S. \u00ebsht\u00eb shpallur fajtor p\u00ebr dy vepra penale t\u00eb \u201cSulmit seksual\u201d n\u00eb vazhdim\u00ebsi. P\u00ebr secil\u00ebn vep\u00ebr, ai \u00ebsht\u00eb d\u00ebnuar me nga 10 vjet burgim, nd\u00ebrsa d\u00ebnimi unik do t\u00eb ekzekutohet pas plotfuqishm\u00ebris\u00eb s\u00eb aktgjykimit. B.S. akuzohet se gjat\u00eb periudh\u00ebs qershor\u2013dhjetor 2024 dhe janar\u2013shkurt 2025, ka sulmuar seksualisht t\u00eb mitur t\u00eb mosh\u00ebs 12-13 vje\u00e7, t\u00eb gjinis\u00eb mashkullore. Masa e paraburgimit ndaj tij do t\u00eb vazhdoj\u00eb deri<\/p>\n","protected":false},"author":7,"featured_media":10590,"comment_status":"open","ping_status":"open","sticky":false,"template":"","format":"standard","meta":{"rank_math_lock_modified_date":false,"slim_seo":[],"footnotes":""},"categories":[1],"tags":[],"_links":{"self":[{"href":"https:\/\/shenjester.net\/index.php\/wp-json\/wp\/v2\/posts\/16050"}],"collection":[{"href":"https:\/\/shenjester.net\/index.php\/wp-json\/wp\/v2\/posts"}],"about":[{"href":"https:\/\/shenjester.net\/index.php\/wp-json\/wp\/v2\/types\/post"}],"author":[{"embeddable":true,"href":"https:\/\/shenjester.net\/index.php\/wp-json\/wp\/v2\/users\/7"}],"replies":[{"embeddable":true,"href":"https:\/\/shenjester.net\/index.php\/wp-json\/wp\/v2\/comments?post=16050"}],"version-history":[{"count":1,"href":"https:\/\/shenjester.net\/index.php\/wp-json\/wp\/v2\/posts\/16050\/revisions"}],"predecessor-version":[{"id":16051,"href":"https:\/\/shenjester.net\/index.php\/wp-json\/wp\/v2\/posts\/16050\/revisions\/16051"}],"wp:featuredmedia":[{"embeddable":true,"href":"https:\/\/shenjester.net\/index.php\/wp-json\/wp\/v2\/media\/10590"}],"wp:attachment":[{"href":"https:\/\/shenjester.net\/index.php\/wp-json\/wp\/v2\/media?parent=16050"}],"wp:term":[{"taxonomy":"category","embeddable":true,"href":"https:\/\/shenjester.net\/index.php\/wp-json\/wp\/v2\/categories?post=16050"},{"taxonomy":"post_tag","embeddable":true,"href":"https:\/\/shenjester.net\/index.php\/wp-json\/wp\/v2\/tags?post=16050"}],"curies":[{"name":"wp","href":"https:\/\/api.w.org\/{rel}","templated":true}]}}