{"id":15088,"date":"2025-12-24T14:30:56","date_gmt":"2025-12-24T13:30:56","guid":{"rendered":"https:\/\/shenjester.net\/?p=15088"},"modified":"2025-12-29T12:37:30","modified_gmt":"2025-12-29T11:37:30","slug":"e-ardhmja-e-adeyemit-ne-dyshim","status":"publish","type":"post","link":"https:\/\/shenjester.net\/index.php\/2025\/12\/24\/e-ardhmja-e-adeyemit-ne-dyshim\/","title":{"rendered":"E ardhmja e Adeyemit n\u00eb dyshim"},"content":{"rendered":"<p>Borussia Dortmund duket se ka vendosur \u00e7mimin p\u00ebr nj\u00eb largim t\u00eb mundsh\u00ebm t\u00eb Karim Adeyemit. Sipas \u201cBild\u201d, oferta p\u00ebr an\u00ebsorin do t\u00eb konsiderohen vet\u00ebm nga 60 milion\u00eb euro e lart.<\/p>\n<p>Adeyemi ka qen\u00eb pjes\u00eb e \u201cBlack and Yellows\u201d p\u00ebr tre vjet e gjysm\u00eb, duke u b\u00ebr\u00eb nj\u00eb lojtar ky\u00e7 n\u00eb skuadr\u00ebn e trajnerit Niko Kova\u00e7. Megjithat\u00eb, 23-vje\u00e7ari ka pasur luhatje formash, nd\u00ebrsa s\u00eb fundmi ka marr\u00eb m\u00eb shum\u00eb v\u00ebmendje p\u00ebr incidentet jasht\u00eb fush\u00ebs sesa p\u00ebr performanc\u00ebn e tij.<\/p>\n<p>Zgjatja e kontrat\u00ebs s\u00eb tij, e vlefshme deri n\u00eb 2027, mund t\u00eb shtyhet p\u00ebrkoh\u00ebsisht p\u00ebr shkak t\u00eb shkeljeve disiplinore nga nj\u00eb incident me arm\u00eb deri tek shp\u00ebrthimet nervoze n\u00eb ndeshjen ndaj Borussia M\u00f6nchengladbach. Sipas mediave gjermane, edhe partnerja e tij \u00ebsht\u00eb lodhur nga jeta n\u00eb Dortmund dhe d\u00ebshiron t\u00eb zhvendoset n\u00eb nj\u00eb qytet tjet\u00ebr.<\/p>\n<p>Pas pushimeve, Dortmund do t\u00eb mbaj\u00eb nj\u00eb mbledhje krize, ku do t\u00eb marrin pjes\u00eb drejtuesit e klubit, trajneri Kova\u00e7 dhe drejtori sportiv Lars Ricken, p\u00ebr t\u00eb vendosur se \u00e7far\u00eb t\u00eb b\u00ebjn\u00eb me t\u00eb ardhmen e Adeyemit.<\/p>\n<p><img loading=\"lazy\" decoding=\"async\" class=\"alignnone size-full wp-image-15089\" src=\"https:\/\/shenjester.net\/wp-content\/uploads\/da82ae47-794e-4c85-99c3-6d3306271d97.jpeg\" alt=\"Da82ae47 794e 4c85 99c3 6d3306271d97\" width=\"1200\" height=\"800\" srcset=\"https:\/\/shenjester.net\/wp-content\/uploads\/da82ae47-794e-4c85-99c3-6d3306271d97.jpeg 1200w, https:\/\/shenjester.net\/wp-content\/uploads\/da82ae47-794e-4c85-99c3-6d3306271d97-300x200.jpeg 300w, https:\/\/shenjester.net\/wp-content\/uploads\/da82ae47-794e-4c85-99c3-6d3306271d97-1024x683.jpeg 1024w, https:\/\/shenjester.net\/wp-content\/uploads\/da82ae47-794e-4c85-99c3-6d3306271d97-768x512.jpeg 768w, https:\/\/shenjester.net\/wp-content\/uploads\/da82ae47-794e-4c85-99c3-6d3306271d97-60x40.jpeg 60w, https:\/\/shenjester.net\/wp-content\/uploads\/da82ae47-794e-4c85-99c3-6d3306271d97-720x480.jpeg 720w\" sizes=\"(max-width: 1200px) 100vw, 1200px\" \/><\/p>\n<p>M\u00eb her\u00ebt, agjenti i tij, Jorge Mendes, k\u00ebrkoi nj\u00eb rritje t\u00eb madhe page dhe status titullari p\u00ebr klientin, por skandalet e fundit mund ta shtyjn\u00eb klubin drejt nj\u00eb ndarjeje t\u00eb parakohshme. Kujtojm\u00eb se gjat\u00eb ver\u00ebs, drejtuesit e Dortmundit k\u00ebrkonin nga 65 deri 70 milion\u00eb euro p\u00ebr kartonin e tij.<\/p>\n<p>N\u00eb k\u00ebt\u00eb sezon, Adeyemi ka sh\u00ebnuar 6 gola dhe 3 asistime n\u00eb 22 ndeshje.<\/p>\n","protected":false},"excerpt":{"rendered":"<p>Borussia Dortmund duket se ka vendosur \u00e7mimin p\u00ebr nj\u00eb largim t\u00eb mundsh\u00ebm t\u00eb Karim Adeyemit. Sipas \u201cBild\u201d, oferta p\u00ebr an\u00ebsorin do t\u00eb konsiderohen vet\u00ebm nga 60 milion\u00eb euro e lart. Adeyemi ka qen\u00eb pjes\u00eb e \u201cBlack and Yellows\u201d p\u00ebr tre vjet e gjysm\u00eb, duke u b\u00ebr\u00eb nj\u00eb lojtar ky\u00e7 n\u00eb skuadr\u00ebn e trajnerit Niko Kova\u00e7. Megjithat\u00eb, 23-vje\u00e7ari ka pasur luhatje formash, nd\u00ebrsa s\u00eb fundmi ka marr\u00eb m\u00eb shum\u00eb v\u00ebmendje p\u00ebr incidentet jasht\u00eb fush\u00ebs sesa p\u00ebr performanc\u00ebn e tij. Zgjatja e kontrat\u00ebs s\u00eb tij, e vlefshme deri n\u00eb 2027, mund t\u00eb shtyhet p\u00ebrkoh\u00ebsisht p\u00ebr shkak t\u00eb shkeljeve disiplinore nga nj\u00eb incident<\/p>\n","protected":false},"author":7,"featured_media":15090,"comment_status":"open","ping_status":"open","sticky":false,"template":"","format":"standard","meta":{"rank_math_lock_modified_date":false,"slim_seo":[],"footnotes":""},"categories":[3],"tags":[],"_links":{"self":[{"href":"https:\/\/shenjester.net\/index.php\/wp-json\/wp\/v2\/posts\/15088"}],"collection":[{"href":"https:\/\/shenjester.net\/index.php\/wp-json\/wp\/v2\/posts"}],"about":[{"href":"https:\/\/shenjester.net\/index.php\/wp-json\/wp\/v2\/types\/post"}],"author":[{"embeddable":true,"href":"https:\/\/shenjester.net\/index.php\/wp-json\/wp\/v2\/users\/7"}],"replies":[{"embeddable":true,"href":"https:\/\/shenjester.net\/index.php\/wp-json\/wp\/v2\/comments?post=15088"}],"version-history":[{"count":5,"href":"https:\/\/shenjester.net\/index.php\/wp-json\/wp\/v2\/posts\/15088\/revisions"}],"predecessor-version":[{"id":15116,"href":"https:\/\/shenjester.net\/index.php\/wp-json\/wp\/v2\/posts\/15088\/revisions\/15116"}],"wp:featuredmedia":[{"embeddable":true,"href":"https:\/\/shenjester.net\/index.php\/wp-json\/wp\/v2\/media\/15090"}],"wp:attachment":[{"href":"https:\/\/shenjester.net\/index.php\/wp-json\/wp\/v2\/media?parent=15088"}],"wp:term":[{"taxonomy":"category","embeddable":true,"href":"https:\/\/shenjester.net\/index.php\/wp-json\/wp\/v2\/categories?post=15088"},{"taxonomy":"post_tag","embeddable":true,"href":"https:\/\/shenjester.net\/index.php\/wp-json\/wp\/v2\/tags?post=15088"}],"curies":[{"name":"wp","href":"https:\/\/api.w.org\/{rel}","templated":true}]}}