{"id":15015,"date":"2025-12-18T15:33:01","date_gmt":"2025-12-18T14:33:01","guid":{"rendered":"https:\/\/shenjester.net\/?p=15015"},"modified":"2025-12-18T15:33:01","modified_gmt":"2025-12-18T14:33:01","slug":"drita-dhe-shkendija-perballe-ndeshjeve-vendimtare-sonte-ne-europe","status":"publish","type":"post","link":"https:\/\/shenjester.net\/index.php\/2025\/12\/18\/drita-dhe-shkendija-perballe-ndeshjeve-vendimtare-sonte-ne-europe\/","title":{"rendered":"Drita dhe Shk\u00ebndija p\u00ebrball\u00eb ndeshjeve vendimtare sonte n\u00eb Europ\u00eb"},"content":{"rendered":"<p>Drita dhe Shk\u00ebndija rikthehen sonte n\u00eb aren\u00ebn europiane, me dy p\u00ebrballje vendimtare q\u00eb mund t\u00eb p\u00ebrcaktojn\u00eb fatin e tyre n\u00eb k\u00ebt\u00eb edicion t\u00eb UEFA Conference League.<\/p>\n<p>Pas humbjes 0\u20133 ndaj AZ Alkmaar n\u00eb xhiron e kaluar, Drita ka r\u00ebn\u00eb n\u00eb vendin e 19-t\u00eb t\u00eb renditjes, por shpresat p\u00ebr kualifikim mbeten t\u00eb gjalla.<\/p>\n<p>P\u00ebr k\u00ebt\u00eb duel historik, Drita udh\u00ebton drejt Spanj\u00ebs, ku nga ora 21:00 do t\u00eb p\u00ebrballet me Rayo Vallecanon, skuad\u00ebr e La Lig\u00ebs. Nj\u00eb kund\u00ebrshtar i fort\u00eb, q\u00eb aktualisht renditet n\u00eb vendin e 13-t\u00eb n\u00eb kampionatin spanjoll dhe q\u00eb k\u00ebt\u00eb sezon ka marr\u00eb pik\u00eb edhe ndaj gjigant\u00ebve si Barcelona dhe Real Madridi.<\/p>\n<p>Megjithat\u00eb, trajneri Zekirija Ramadani mbetet optimist dhe beson te motivimi i skuadr\u00ebs s\u00eb tij:<\/p>\n<p>\u201cKam ndjekur ndeshjet e Vallecanos kund\u00ebr Real Madridit dhe Barcelon\u00ebs. \u00cbsht\u00eb nj\u00eb ekip agresiv dhe shum\u00eb i motivuar, por nuk mund t\u00eb ken\u00eb motivin ton\u00eb. P\u00ebrball\u00eb kemi nj\u00eb skuad\u00ebr me tradit\u00eb nga La Liga dhe besoj se lojtar\u00ebt tan\u00eb do t\u00eb jen\u00eb maksimalisht t\u00eb p\u00ebrgatitur.\u201d<\/p>\n<p>N\u00eb an\u00ebn tjet\u00ebr, edhe Shk\u00ebndija p\u00ebrmbyll sonte faz\u00ebn e grupeve, duke u p\u00ebrballur n\u00eb raundin e gjasht\u00eb me AEK Larnaca nga Qipro. Kjo p\u00ebrballje sh\u00ebnon nj\u00eb moment historik, pasi \u00ebsht\u00eb hera e par\u00eb q\u00eb AEK Larnaca ndeshet me nj\u00eb skuad\u00ebr nga Maqedonia e Veriut, si dhe hera e par\u00eb q\u00eb Shk\u00ebndija luan kund\u00ebr nj\u00eb ekipi qipriot.<\/p>\n<p>Nj\u00eb rezultat pozitiv do t\u2019i siguronte Shk\u00ebndij\u00ebs nj\u00eb vend n\u00eb top 24 dhe avancimin n\u00eb faz\u00ebn tjet\u00ebr t\u00eb kompeticionit. Trajneri Jeton Beqiri e vler\u00ebson kund\u00ebrshtarin, por beson n\u00eb potencialin e ekipit t\u00eb tij:<\/p>\n<p>\u201cAEK Larnaca \u00ebsht\u00eb nj\u00eb skuad\u00ebr cil\u00ebsore, me mbrojtje shum\u00eb t\u00eb fort\u00eb, por ne nuk kemi frik\u00eb nga asnj\u00eb kund\u00ebrshtar. Duhet t\u00eb luajm\u00eb n\u00eb maksimum p\u00ebr t\u00eb marr\u00eb rezultatin q\u00eb synojm\u00eb.\u201d<\/p>\n","protected":false},"excerpt":{"rendered":"<p>Drita dhe Shk\u00ebndija rikthehen sonte n\u00eb aren\u00ebn europiane, me dy p\u00ebrballje vendimtare q\u00eb mund t\u00eb p\u00ebrcaktojn\u00eb fatin e tyre n\u00eb k\u00ebt\u00eb edicion t\u00eb UEFA Conference League. Pas humbjes 0\u20133 ndaj AZ Alkmaar n\u00eb xhiron e kaluar, Drita ka r\u00ebn\u00eb n\u00eb vendin e 19-t\u00eb t\u00eb renditjes, por shpresat p\u00ebr kualifikim mbeten t\u00eb gjalla. P\u00ebr k\u00ebt\u00eb duel historik, Drita udh\u00ebton drejt Spanj\u00ebs, ku nga ora 21:00 do t\u00eb p\u00ebrballet me Rayo Vallecanon, skuad\u00ebr e La Lig\u00ebs. Nj\u00eb kund\u00ebrshtar i fort\u00eb, q\u00eb aktualisht renditet n\u00eb vendin e 13-t\u00eb n\u00eb kampionatin spanjoll dhe q\u00eb k\u00ebt\u00eb sezon ka marr\u00eb pik\u00eb edhe ndaj gjigant\u00ebve si Barcelona<\/p>\n","protected":false},"author":7,"featured_media":15016,"comment_status":"open","ping_status":"open","sticky":false,"template":"","format":"standard","meta":{"rank_math_lock_modified_date":false,"slim_seo":[],"footnotes":""},"categories":[3],"tags":[],"_links":{"self":[{"href":"https:\/\/shenjester.net\/index.php\/wp-json\/wp\/v2\/posts\/15015"}],"collection":[{"href":"https:\/\/shenjester.net\/index.php\/wp-json\/wp\/v2\/posts"}],"about":[{"href":"https:\/\/shenjester.net\/index.php\/wp-json\/wp\/v2\/types\/post"}],"author":[{"embeddable":true,"href":"https:\/\/shenjester.net\/index.php\/wp-json\/wp\/v2\/users\/7"}],"replies":[{"embeddable":true,"href":"https:\/\/shenjester.net\/index.php\/wp-json\/wp\/v2\/comments?post=15015"}],"version-history":[{"count":1,"href":"https:\/\/shenjester.net\/index.php\/wp-json\/wp\/v2\/posts\/15015\/revisions"}],"predecessor-version":[{"id":15017,"href":"https:\/\/shenjester.net\/index.php\/wp-json\/wp\/v2\/posts\/15015\/revisions\/15017"}],"wp:featuredmedia":[{"embeddable":true,"href":"https:\/\/shenjester.net\/index.php\/wp-json\/wp\/v2\/media\/15016"}],"wp:attachment":[{"href":"https:\/\/shenjester.net\/index.php\/wp-json\/wp\/v2\/media?parent=15015"}],"wp:term":[{"taxonomy":"category","embeddable":true,"href":"https:\/\/shenjester.net\/index.php\/wp-json\/wp\/v2\/categories?post=15015"},{"taxonomy":"post_tag","embeddable":true,"href":"https:\/\/shenjester.net\/index.php\/wp-json\/wp\/v2\/tags?post=15015"}],"curies":[{"name":"wp","href":"https:\/\/api.w.org\/{rel}","templated":true}]}}