{"id":14944,"date":"2025-12-12T15:52:06","date_gmt":"2025-12-12T14:52:06","guid":{"rendered":"https:\/\/shenjester.net\/?p=14944"},"modified":"2025-12-12T15:52:06","modified_gmt":"2025-12-12T14:52:06","slug":"gjashte-persona-arrestohen-per-kontrabande-dhe-kalim-ilegal-te-kufirit-ne-veri","status":"publish","type":"post","link":"https:\/\/shenjester.net\/index.php\/2025\/12\/12\/gjashte-persona-arrestohen-per-kontrabande-dhe-kalim-ilegal-te-kufirit-ne-veri\/","title":{"rendered":"Gjasht\u00eb persona arrestohen p\u00ebr kontraband\u00eb dhe kalim ilegal t\u00eb kufirit n\u00eb veri"},"content":{"rendered":"<p>Gjasht\u00eb persona jan\u00eb arrestuar n\u00eb veri t\u00eb Kosov\u00ebs n\u00ebn dyshimin p\u00ebr kontrabandim me mallra dhe kalim ilegal t\u00eb kufirit. Arrestimet jan\u00eb b\u00ebr\u00eb t\u00eb enjten n\u00eb mbr\u00ebmje, n\u00eb nj\u00eb rrug\u00eb malore t\u00eb fshatit Rujisht\u00eb, ku nj\u00ebsit\u00eb policore kan\u00eb ndalur kat\u00ebr automjete me targa t\u00eb Serbis\u00eb, t\u00eb cilat dyshohen se po transportonin mallra t\u00eb kontrabanduara pa dokumentacion mbi prejardhjen.<\/p>\n<p>N\u00eb automjete jan\u00eb gjetur mallra t\u00eb ndryshme, p\u00ebrfshir\u00eb tekstil, produkte ushqimore dhe produkte mishi. T\u00eb arrestuarit jan\u00eb shoq\u00ebruar n\u00eb Stacionin Policor t\u00eb Mitrovic\u00ebs s\u00eb Veriut.<\/p>\n<p>\u201cLidhur me rastin \u00ebsht\u00eb njoftuar Dogana e Kosov\u00ebs, e cila do t\u00eb vazhdoj\u00eb me procedurat p\u00ebrkat\u00ebse. Me urdh\u00ebr t\u00eb prokurorit kujdestar, rasti \u00ebsht\u00eb iniciuar si \u2018Kontrabandim me mallra\u2019 dhe \u2018Kalim ilegal i kufirit\u2019. Pas intervistimit, personat e dyshuar jan\u00eb liruar n\u00eb procedur\u00eb t\u00eb rregullt\u201d, thuhet n\u00eb njoftimin e Policis\u00eb s\u00eb Kosov\u00ebs.<\/p>\n","protected":false},"excerpt":{"rendered":"<p>Gjasht\u00eb persona jan\u00eb arrestuar n\u00eb veri t\u00eb Kosov\u00ebs n\u00ebn dyshimin p\u00ebr kontrabandim me mallra dhe kalim ilegal t\u00eb kufirit. Arrestimet jan\u00eb b\u00ebr\u00eb t\u00eb enjten n\u00eb mbr\u00ebmje, n\u00eb nj\u00eb rrug\u00eb malore t\u00eb fshatit Rujisht\u00eb, ku nj\u00ebsit\u00eb policore kan\u00eb ndalur kat\u00ebr automjete me targa t\u00eb Serbis\u00eb, t\u00eb cilat dyshohen se po transportonin mallra t\u00eb kontrabanduara pa dokumentacion mbi prejardhjen. N\u00eb automjete jan\u00eb gjetur mallra t\u00eb ndryshme, p\u00ebrfshir\u00eb tekstil, produkte ushqimore dhe produkte mishi. T\u00eb arrestuarit jan\u00eb shoq\u00ebruar n\u00eb Stacionin Policor t\u00eb Mitrovic\u00ebs s\u00eb Veriut. \u201cLidhur me rastin \u00ebsht\u00eb njoftuar Dogana e Kosov\u00ebs, e cila do t\u00eb vazhdoj\u00eb me procedurat p\u00ebrkat\u00ebse. Me urdh\u00ebr<\/p>\n","protected":false},"author":5,"featured_media":12657,"comment_status":"open","ping_status":"open","sticky":false,"template":"","format":"standard","meta":{"rank_math_lock_modified_date":false,"slim_seo":[],"footnotes":""},"categories":[1],"tags":[],"_links":{"self":[{"href":"https:\/\/shenjester.net\/index.php\/wp-json\/wp\/v2\/posts\/14944"}],"collection":[{"href":"https:\/\/shenjester.net\/index.php\/wp-json\/wp\/v2\/posts"}],"about":[{"href":"https:\/\/shenjester.net\/index.php\/wp-json\/wp\/v2\/types\/post"}],"author":[{"embeddable":true,"href":"https:\/\/shenjester.net\/index.php\/wp-json\/wp\/v2\/users\/5"}],"replies":[{"embeddable":true,"href":"https:\/\/shenjester.net\/index.php\/wp-json\/wp\/v2\/comments?post=14944"}],"version-history":[{"count":1,"href":"https:\/\/shenjester.net\/index.php\/wp-json\/wp\/v2\/posts\/14944\/revisions"}],"predecessor-version":[{"id":14945,"href":"https:\/\/shenjester.net\/index.php\/wp-json\/wp\/v2\/posts\/14944\/revisions\/14945"}],"wp:featuredmedia":[{"embeddable":true,"href":"https:\/\/shenjester.net\/index.php\/wp-json\/wp\/v2\/media\/12657"}],"wp:attachment":[{"href":"https:\/\/shenjester.net\/index.php\/wp-json\/wp\/v2\/media?parent=14944"}],"wp:term":[{"taxonomy":"category","embeddable":true,"href":"https:\/\/shenjester.net\/index.php\/wp-json\/wp\/v2\/categories?post=14944"},{"taxonomy":"post_tag","embeddable":true,"href":"https:\/\/shenjester.net\/index.php\/wp-json\/wp\/v2\/tags?post=14944"}],"curies":[{"name":"wp","href":"https:\/\/api.w.org\/{rel}","templated":true}]}}